{"id":232904,"date":"2026-01-17T14:58:07","date_gmt":"2026-01-17T14:58:07","guid":{"rendered":"https:\/\/www.europesays.com\/pt\/232904\/"},"modified":"2026-01-17T14:58:07","modified_gmt":"2026-01-17T14:58:07","slug":"ana-castela-provoca-ze-felipe-apos-cantada-de-influenciador-coreano-cobicado-ate-na-coreia","status":"publish","type":"post","link":"https:\/\/www.europesays.com\/pt\/232904\/","title":{"rendered":"Ana Castela &#8216;provoca&#8217; Z\u00e9 Felipe ap\u00f3s cantada de influenciador coreano: &#8216;Cobi\u00e7ado at\u00e9 na Coreia&#8217;"},"content":{"rendered":"\n<p class=\" content-text__container \" data-track-category=\"Link no Texto\" data-track-links=\"\"> A atitude n\u00e3o passou despercebida por Z\u00e9 Felipe, <a class=\"\" href=\"https:\/\/revistaquem.globo.com\/noticias\/amor-e-sexo\/noticia\/2026\/01\/apos-comentario-de-coreano-na-foto-de-ana-castela-ze-felipe-reage-sai-pra-la.ghtml\" rel=\"nofollow noopener\" target=\"_blank\">que reagiu com ci\u00fames em v\u00eddeos nas redes sociais.<\/a> \u201c\u00c9 o coreano dando em cima, o coreano dando o bote. Vai pra l\u00e1, coreano safado, vagabundo\u201d, disparou o cantor, em tom de brincadeira. Em seguida, ele ainda ironizou: \u201cEu achava que \u2018Jack\u2019 era tudo cantor\u2026 A\u00ed tem Jack coreano. Nunca tinha visto, n\u00e3o\u201d. Depois da repercuss\u00e3o, Hooni respondeu o sertanejo de forma respeitosa. \u201cDesculpa, Z\u00e9, mas eu ainda sou seu f\u00e3! Na verdade, virei ainda mais f\u00e3\u201d, escreveu. <\/p>\n","protected":false},"excerpt":{"rendered":"A atitude n\u00e3o passou despercebida por Z\u00e9 Felipe, que reagiu com ci\u00fames em v\u00eddeos nas redes sociais. \u201c\u00c9&hellip;\n","protected":false},"author":2,"featured_media":232905,"comment_status":"","ping_status":"","sticky":false,"template":"","format":"standard","meta":{"footnotes":""},"categories":[141],"tags":[13762,114,115,149,150,32,33,1445],"class_list":{"0":"post-232904","1":"post","2":"type-post","3":"status-publish","4":"format-standard","5":"has-post-thumbnail","7":"category-musica","8":"tag-ana-castela","9":"tag-entertainment","10":"tag-entretenimento","11":"tag-music","12":"tag-musica","13":"tag-portugal","14":"tag-pt","15":"tag-ze-felipe"},"share_on_mastodon":{"url":"https:\/\/pubeurope.com\/@pt\/115911033100521612","error":""},"_links":{"self":[{"href":"https:\/\/www.europesays.com\/pt\/wp-json\/wp\/v2\/posts\/232904","targetHints":{"allow":["GET"]}}],"collection":[{"href":"https:\/\/www.europesays.com\/pt\/wp-json\/wp\/v2\/posts"}],"about":[{"href":"https:\/\/www.europesays.com\/pt\/wp-json\/wp\/v2\/types\/post"}],"author":[{"embeddable":true,"href":"https:\/\/www.europesays.com\/pt\/wp-json\/wp\/v2\/users\/2"}],"replies":[{"embeddable":true,"href":"https:\/\/www.europesays.com\/pt\/wp-json\/wp\/v2\/comments?post=232904"}],"version-history":[{"count":0,"href":"https:\/\/www.europesays.com\/pt\/wp-json\/wp\/v2\/posts\/232904\/revisions"}],"wp:featuredmedia":[{"embeddable":true,"href":"https:\/\/www.europesays.com\/pt\/wp-json\/wp\/v2\/media\/232905"}],"wp:attachment":[{"href":"https:\/\/www.europesays.com\/pt\/wp-json\/wp\/v2\/media?parent=232904"}],"wp:term":[{"taxonomy":"category","embeddable":true,"href":"https:\/\/www.europesays.com\/pt\/wp-json\/wp\/v2\/categories?post=232904"},{"taxonomy":"post_tag","embeddable":true,"href":"https:\/\/www.europesays.com\/pt\/wp-json\/wp\/v2\/tags?post=232904"}],"curies":[{"name":"wp","href":"https:\/\/api.w.org\/{rel}","templated":true}]}}