{"id":232915,"date":"2026-01-17T15:08:15","date_gmt":"2026-01-17T15:08:15","guid":{"rendered":"https:\/\/www.europesays.com\/pt\/232915\/"},"modified":"2026-01-17T15:08:15","modified_gmt":"2026-01-17T15:08:15","slug":"longe-de-portugal-cristina-ferreira-surge-com-grande-diferenca-no-volume-dos-bracos-e-e-este-o-motivo","status":"publish","type":"post","link":"https:\/\/www.europesays.com\/pt\/232915\/","title":{"rendered":"Longe de Portugal, Cristina Ferreira surge com &#8220;grande diferen\u00e7a no volume dos bra\u00e7os&#8221;&#8230; e \u00e9 este o motivo!"},"content":{"rendered":"<p>Neste momento, <a href=\"https:\/\/selfie.iol.pt\/famosos\/cristina-ferreira\/esta-tipa-esta-sempre-de-ferias-alvo-de-critica-cristina-ferreira-responde-a-altura\/20260116\/696aaba7d34e0ec52ec249cf\" target=\"_blank\" rel=\"nofollow noopener\">Cristina Ferreira<\/a> est\u00e1 a aproveitar uns dias de f\u00e9rias nas Maldivas ao lado do namorado, <a href=\"https:\/\/selfie.iol.pt\/famosos\/cristina-ferreira\/longe-de-portugal-joao-monteiro-encontra-pessoa-especial-grande-fa-do-cristiano-ronaldo\/20260113\/696663acd34e0ec52ec21133\" target=\"_blank\" rel=\"nofollow noopener\">Jo\u00e3o Monteiro<\/a>.<\/p>\n<p>Mesmo assim, a apresentadora, de 48 anos, mant\u00e9m-se atenta \u00e0s redes sociais. Da\u00ed ter destacado, no Instagram, uma mensagem de uma internauta.<\/p>\n<p>&#8220;Bom dia, Cristina. Tenho visto fotos suas com uma grande diferen\u00e7a no volume dos bra\u00e7os. Eu sempre disse que entendia-a perfeitamente quando falavam do seu bra\u00e7o mais cheiinho, pois sou igual. \u00c0s vezes, parece delgado, outras vezes, muito inchado. Que exerc\u00edcios de bra\u00e7os tem feito para esse resultado?&#8221;, quis saber essa seguidora.<\/p>\n<p>E Cristina Ferreira respondeu tr\u00eas vezes a mesma palavra: &#8220;Muscula\u00e7\u00e3o.&#8221;<\/p>\n<p>Veja, agora, algumas das melhores imagens de Cristina Ferreira nas galerias de fotografias que prepar\u00e1mos para si.<\/p>\n<p><img decoding=\"async\" alt=\"\" onclick=\"\" src=\"https:\/\/www.europesays.com\/pt\/wp-content\/uploads\/2026\/01\/1768662495_167_1024.jpeg\" title=\"Cristina Ferreira\"\/><\/p>\n","protected":false},"excerpt":{"rendered":"Neste momento, Cristina Ferreira est\u00e1 a aproveitar uns dias de f\u00e9rias nas Maldivas ao lado do namorado, Jo\u00e3o&hellip;\n","protected":false},"author":2,"featured_media":223487,"comment_status":"","ping_status":"","sticky":false,"template":"","format":"standard","meta":{"footnotes":""},"categories":[145],"tags":[3539,211,210,166,114,115,980,3755,8237,1015,6470,30451,619,32,33,1012,162],"class_list":{"0":"post-232915","1":"post","2":"type-post","3":"status-publish","4":"format-standard","5":"has-post-thumbnail","7":"category-celebridades","8":"tag-apresentadora","9":"tag-celebridades","10":"tag-celebrities","11":"tag-cristina-ferreira","12":"tag-entertainment","13":"tag-entretenimento","14":"tag-famosos","15":"tag-ferias","16":"tag-forma-fisica","17":"tag-instagram","18":"tag-joao-monteiro","19":"tag-maldivas","20":"tag-nacional","21":"tag-portugal","22":"tag-pt","23":"tag-selfie","24":"tag-tvi"},"share_on_mastodon":{"url":"https:\/\/pubeurope.com\/@pt\/115911072282583432","error":""},"_links":{"self":[{"href":"https:\/\/www.europesays.com\/pt\/wp-json\/wp\/v2\/posts\/232915","targetHints":{"allow":["GET"]}}],"collection":[{"href":"https:\/\/www.europesays.com\/pt\/wp-json\/wp\/v2\/posts"}],"about":[{"href":"https:\/\/www.europesays.com\/pt\/wp-json\/wp\/v2\/types\/post"}],"author":[{"embeddable":true,"href":"https:\/\/www.europesays.com\/pt\/wp-json\/wp\/v2\/users\/2"}],"replies":[{"embeddable":true,"href":"https:\/\/www.europesays.com\/pt\/wp-json\/wp\/v2\/comments?post=232915"}],"version-history":[{"count":0,"href":"https:\/\/www.europesays.com\/pt\/wp-json\/wp\/v2\/posts\/232915\/revisions"}],"wp:featuredmedia":[{"embeddable":true,"href":"https:\/\/www.europesays.com\/pt\/wp-json\/wp\/v2\/media\/223487"}],"wp:attachment":[{"href":"https:\/\/www.europesays.com\/pt\/wp-json\/wp\/v2\/media?parent=232915"}],"wp:term":[{"taxonomy":"category","embeddable":true,"href":"https:\/\/www.europesays.com\/pt\/wp-json\/wp\/v2\/categories?post=232915"},{"taxonomy":"post_tag","embeddable":true,"href":"https:\/\/www.europesays.com\/pt\/wp-json\/wp\/v2\/tags?post=232915"}],"curies":[{"name":"wp","href":"https:\/\/api.w.org\/{rel}","templated":true}]}}