{"id":232922,"date":"2026-01-17T15:15:11","date_gmt":"2026-01-17T15:15:11","guid":{"rendered":"https:\/\/www.europesays.com\/pt\/232922\/"},"modified":"2026-01-17T15:15:11","modified_gmt":"2026-01-17T15:15:11","slug":"manaus-integra-estudo-da-fiocruz-sobre-injecao-contra-hiv-no-sus-g1","status":"publish","type":"post","link":"https:\/\/www.europesays.com\/pt\/232922\/","title":{"rendered":"Manaus integra estudo da Fiocruz sobre inje\u00e7\u00e3o contra HIV no SUS &#8211; G1"},"content":{"rendered":"<ol>\n<li><a href=\"https:\/\/news.google.com\/rss\/articles\/CBMivwFBVV95cUxPR215ekl0bXNIeVFUaHFGNnZhQTNQVk84UmRoSTVGQzVIVXU1RUp0OHo1bVhpdXNGaV92UkYtTFpOSmVuZ0E1U2E1cTNRVzJXOVhQS3ZpcWg1MFZCNTdtNHhLTWhjUmZJdXNOV2dEOW5xZ1V4c1Zqdll6b04yTUIxOHU4ZGZicGozRW1qU002Y3RyYjFmWjlCV0tQbktTX1Z3WnFRcGQtNXFsSVFmUXlSNUdlaHZWVEs2VzJZcF93b9IBzgFBVV95cUxPVXpkVG9ISkZ3VGJRcFFSUzZkY092clVuNUQ1dktoR19OZF9LS2RPdTdLNmtzUGptN1Bkb09nUnpkcVIzcWNyMVZ5Nm9lc2ZXSTQ5RnItenM1a2lvbVRvQkJOdFJzdFhpdnIyNldwM2d6ZE1uVnE3cGVSQTJ3d3FHOWVGY0ExdUFoam9wNXZJSjZzLUN2cmE5TldnaUc0aUtoSjNnQUdlb0JUTEcyd09haXIyMUNFdmhIX0ZhOW9LMFZZOGEybk1LZ2o5V3hXQQ?oc=5\" target=\"_blank\" rel=\"nofollow noopener\">Manaus integra estudo da Fiocruz sobre inje\u00e7\u00e3o contra HIV no SUS<\/a>&nbsp;&nbsp;G1<\/li>\n<li><a href=\"https:\/\/news.google.com\/rss\/articles\/CBMiugFBVV95cUxNeDlzbmMxSUxYTnM0WThJeHUzblRkRlNzVkQxRTRwanY2SVVBVlJQeEpnR19LWE9IQjhPdVhmdllqVHZGTVJDLXpxU3BDYW12VWVYcGdGUFl4bVJ5WnR2UUo5T1NINHVHVWdhQzUxRW9kVlNUQzZ5R09SaFlIb1Z0cXptVGdod1VRN2tCU2RZZ3NwaGFGbXl5SEdsVmluSGhCcWE0Umdic3BwWUdCYkhJMmpQMW1nQ1BXc2c?oc=5\" target=\"_blank\" rel=\"nofollow noopener\">Fiocruz conduzir\u00e1 estudo com inje\u00e7\u00e3o contra HIV em sete cidades<\/a>&nbsp;&nbsp;Ag\u00eancia Brasil<\/li>\n<li><a href=\"https:\/\/news.google.com\/rss\/articles\/CBMi4gFBVV95cUxONEszZjFUN3B6WGNyeTlEWXNMcHZzX3ZuNVhfM2ppTGVETVFLb2lGNGhlLWlhT1Ywb1R0WHR0akhzRG9BMWpTYmFDeUI4UVpmVXJHYVVDS3J3UWw4QUo4MzhTWUtLZDN5R2EwYkFyNzFhLXRDTi1JeVMxUzZUMDR3ZEYtelZVcHpqWUlQU01ITE1DSUFKZEg4VjVTS21QU2xUVWstLXdCajk3ZE5nS1JPQXhWRHp4MG1RVC01SDJFM01NWm1yWEJxWXBTOU95VktLSG16bVR6OWcwNmR1VHBjQkt30gHnAUFVX3lxTE12RVJXRTN4QzAyb19yb2ZBZklGZkNHQXh4Y0ZUWWJIekNVZjVuN202X2JuMDM2Z0NzVnNWamF1N25FTEdmMWZVbEI5RTI3Mm5WdWVicGMzRlpRX3BJQnJla2NjTjdZcG5vNDZVTlFlODFMN0tNTk1pMzQ2Z3JwdmdRUWp0RkFzcU5TSVFUem9kWGJsYTZvb1VZTTJMUWp3Q1o0V3RJaVdwMS00LVZVcE9FX1BFaFNnQzFlQnBsRkJOVUtNOUpmSDNfTUtoeFZBVGJPamdPNEwtb0lMOXlmZklmMG5ZaUlGNA?oc=5\" target=\"_blank\" rel=\"nofollow noopener\">Brasil n\u00e3o poder\u00e1 fabricar gen\u00e9rico de inje\u00e7\u00e3o contra HIV; pre\u00e7o amea\u00e7a acesso pelo SUS<\/a>&nbsp;&nbsp;Folha de S.Paulo<\/li>\n<li><a href=\"https:\/\/news.google.com\/rss\/articles\/CBMiV0FVX3lxTFAtanQxMm1kMVU3X1ZFelBqWTVXamRkUlppalFiMFZfVzBTeW11dGpBOE5pYllTMTRsNDR4N2xGeEFQTEpEc3JkRDZNejRkeDN1eVhPamY5aw?oc=5\" target=\"_blank\" rel=\"nofollow noopener\">Edi\u00e7\u00e3o do m\u00eas<\/a>&nbsp;&nbsp;Superinteressante<\/li>\n<li><a href=\"https:\/\/news.google.com\/rss\/articles\/CBMivAFBVV95cUxQa3dial9DWTlTNjF4ekVYa3YyTWk2Q1ZsRzhxTGFMMFRqcjEzT0UteWEzdVMwdlNkNkdMSFFmVXZmQ0JYZlpLSXk3RWZLaTFlM2pUT0pqV3RQbVpvWldqLW8zejNSdzNsZzVDMUtlc1o3NU0zZ2RDT1FxeTRYTTdpSkdlZFBVOVBzYnI4V0MtdFU3MGpJem8yYVdEcndEUXVIV2x3RUYzMVZ3WGpHWmcxdlhjeVlUTHNFbVRpS9IBwgFBVV95cUxOMHEyMmEtdEtPbkNNVTE1TEtpS2QxZVplNVhPSEJ3WUNzT3JFRkFoY0R6TnRSNzZWOVlqemZ0SW4yUWdyWmtGVkdtemVOWkdPWFlTbm1QdXNFXzkwUmx2NExWbjJMMnlYZWZvQlFUV3lmWDJ4WEJnQ1NoRHEwbEFBd0M5RkFPMzc2ZERUTmh6clBxRXRHZ1pHakpVc2VKNDdxWTNCX09vNTQ3UnFIYkhNc3NHS0VyS2U4enlTZFR6blVHUQ?oc=5\" target=\"_blank\" rel=\"nofollow noopener\">Esperan\u00e7a contra o HIV esbarra no desafio pelo acesso<\/a>&nbsp;&nbsp;Correio Braziliense<\/li>\n<\/ol>\n","protected":false},"excerpt":{"rendered":"Manaus integra estudo da Fiocruz sobre inje\u00e7\u00e3o contra HIV no SUS&nbsp;&nbsp;G1 Fiocruz conduzir\u00e1 estudo com inje\u00e7\u00e3o contra HIV&hellip;\n","protected":false},"author":2,"featured_media":232923,"comment_status":"","ping_status":"","sticky":false,"template":"","format":"standard","meta":{"footnotes":""},"categories":[86],"tags":[116,32,33,117],"class_list":{"0":"post-232922","1":"post","2":"type-post","3":"status-publish","4":"format-standard","5":"has-post-thumbnail","7":"category-saude","8":"tag-health","9":"tag-portugal","10":"tag-pt","11":"tag-saude"},"share_on_mastodon":{"url":"https:\/\/pubeurope.com\/@pt\/115911099891649233","error":""},"_links":{"self":[{"href":"https:\/\/www.europesays.com\/pt\/wp-json\/wp\/v2\/posts\/232922","targetHints":{"allow":["GET"]}}],"collection":[{"href":"https:\/\/www.europesays.com\/pt\/wp-json\/wp\/v2\/posts"}],"about":[{"href":"https:\/\/www.europesays.com\/pt\/wp-json\/wp\/v2\/types\/post"}],"author":[{"embeddable":true,"href":"https:\/\/www.europesays.com\/pt\/wp-json\/wp\/v2\/users\/2"}],"replies":[{"embeddable":true,"href":"https:\/\/www.europesays.com\/pt\/wp-json\/wp\/v2\/comments?post=232922"}],"version-history":[{"count":0,"href":"https:\/\/www.europesays.com\/pt\/wp-json\/wp\/v2\/posts\/232922\/revisions"}],"wp:featuredmedia":[{"embeddable":true,"href":"https:\/\/www.europesays.com\/pt\/wp-json\/wp\/v2\/media\/232923"}],"wp:attachment":[{"href":"https:\/\/www.europesays.com\/pt\/wp-json\/wp\/v2\/media?parent=232922"}],"wp:term":[{"taxonomy":"category","embeddable":true,"href":"https:\/\/www.europesays.com\/pt\/wp-json\/wp\/v2\/categories?post=232922"},{"taxonomy":"post_tag","embeddable":true,"href":"https:\/\/www.europesays.com\/pt\/wp-json\/wp\/v2\/tags?post=232922"}],"curies":[{"name":"wp","href":"https:\/\/api.w.org\/{rel}","templated":true}]}}