{"id":232945,"date":"2026-01-17T15:39:08","date_gmt":"2026-01-17T15:39:08","guid":{"rendered":"https:\/\/www.europesays.com\/pt\/232945\/"},"modified":"2026-01-17T15:39:08","modified_gmt":"2026-01-17T15:39:08","slug":"vem-ai-em-amor-a-prova-esta-a-nascer-um-amor-proibido-novelas","status":"publish","type":"post","link":"https:\/\/www.europesays.com\/pt\/232945\/","title":{"rendered":"Vem a\u00ed em \u00abAmor \u00e0 Prova\u00bb: Est\u00e1 a nascer um amor proibido &#8211; Novelas"},"content":{"rendered":"<p>Em \u00abAmor \u00e0 Prova\u00bb, S\u00e3o (Sofia Grillo) foi ter com Nelson (Fernando Rodrigues) e pede-lhe para falar com Domingos (Jo\u00e3o Lagarto), pois nunca o viu t\u00e3o chateado. S\u00e3o conta que at\u00e9 ovos mexidos com bacon ele recusou. Nelson n\u00e3o consegue segurar as l\u00e1grimas e diz que hoje faria 35 anos de casado. S\u00e3o n\u00e3o se lembrou e sente-se uma besta por estar a chate\u00e1-lo com os seus problemas.<\/p>\n<p>Nelson recorda que Carmo tinha planeado fazer um cruzeiro em It\u00e1lia e fica triste por n\u00e3o ter cumprido o seu sonho. S\u00e3o acha que Nelson devia cumprir o sonho dela e fazer ele a viagem. S\u00e3o at\u00e9 se oferece para ir com Nelson e toca-lhe amigavelmente. Nelson olha para S\u00e3o, como se a visse pela primeira vez.<\/p>\n<p>Recorde-se que Domingos \u00e9 o pai da nora de S\u00e3o:<\/p>\n","protected":false},"excerpt":{"rendered":"Em \u00abAmor \u00e0 Prova\u00bb, S\u00e3o (Sofia Grillo) foi ter com Nelson (Fernando Rodrigues) e pede-lhe para falar com&hellip;\n","protected":false},"author":2,"featured_media":232946,"comment_status":"","ping_status":"","sticky":false,"template":"","format":"standard","meta":{"footnotes":"","_share_on_mastodon":"0"},"categories":[142],"tags":[17049,160,166,114,115,7567,157,167,164,44506,161,158,165,159,32,33,156,27502,36920,163,151,162],"class_list":["post-232945","post","type-post","status-publish","format-standard","has-post-thumbnail","category-tv","tag-amor-a-prova","tag-ana-guiomar","tag-cristina-ferreira","tag-entertainment","tag-entretenimento","tag-fernando-rodrigues","tag-festa-e-festa","tag-ficcao","tag-jose-fidalgo","tag-nelson","tag-novelas","tag-para-sempre","tag-pedro-sousa","tag-pedro-teixeira","tag-portugal","tag-pt","tag-queridos-papas","tag-sao","tag-sofia-grillo","tag-tiago-teotonio-pereira","tag-tv","tag-tvi"],"share_on_mastodon":{"url":"https:\/\/pubeurope.com\/@pt\/115911194314390876","error":""},"_links":{"self":[{"href":"https:\/\/www.europesays.com\/pt\/wp-json\/wp\/v2\/posts\/232945","targetHints":{"allow":["GET"]}}],"collection":[{"href":"https:\/\/www.europesays.com\/pt\/wp-json\/wp\/v2\/posts"}],"about":[{"href":"https:\/\/www.europesays.com\/pt\/wp-json\/wp\/v2\/types\/post"}],"author":[{"embeddable":true,"href":"https:\/\/www.europesays.com\/pt\/wp-json\/wp\/v2\/users\/2"}],"replies":[{"embeddable":true,"href":"https:\/\/www.europesays.com\/pt\/wp-json\/wp\/v2\/comments?post=232945"}],"version-history":[{"count":0,"href":"https:\/\/www.europesays.com\/pt\/wp-json\/wp\/v2\/posts\/232945\/revisions"}],"wp:featuredmedia":[{"embeddable":true,"href":"https:\/\/www.europesays.com\/pt\/wp-json\/wp\/v2\/media\/232946"}],"wp:attachment":[{"href":"https:\/\/www.europesays.com\/pt\/wp-json\/wp\/v2\/media?parent=232945"}],"wp:term":[{"taxonomy":"category","embeddable":true,"href":"https:\/\/www.europesays.com\/pt\/wp-json\/wp\/v2\/categories?post=232945"},{"taxonomy":"post_tag","embeddable":true,"href":"https:\/\/www.europesays.com\/pt\/wp-json\/wp\/v2\/tags?post=232945"}],"curies":[{"name":"wp","href":"https:\/\/api.w.org\/{rel}","templated":true}]}}