{"id":232981,"date":"2026-01-17T16:09:08","date_gmt":"2026-01-17T16:09:08","guid":{"rendered":"https:\/\/www.europesays.com\/pt\/232981\/"},"modified":"2026-01-17T16:09:08","modified_gmt":"2026-01-17T16:09:08","slug":"vaza-cena-de-luta-epica-entre-os-vingadores-e-os-x-men","status":"publish","type":"post","link":"https:\/\/www.europesays.com\/pt\/232981\/","title":{"rendered":"Vaza cena de luta \u00e9pica entre os Vingadores e os X-Men"},"content":{"rendered":"<p><a href=\"https:\/\/legadodamarvel.com.br\/filme\/vingadores-doutor-destino\" rel=\"nofollow noopener\" target=\"_blank\">Vingadores 5: Doutor Destino<\/a> \u00e9 o filme mais aguardado do ano por muitos motivos, incluindo a presen\u00e7a confirmada dos X-Men, que devem roubar a cena.<\/p>\n<p>Os mutantes j\u00e1 puderam ser vistos em um dos teasers oficias do filme (<a href=\"https:\/\/www.youtube.com\/watch?v=0gF6lT6qGkc\" rel=\"nofollow noopener\" target=\"_blank\">assista<\/a>), mas se engana quem pensa que a rela\u00e7\u00e3o entre os Vingadores e os X-Men ser\u00e1 apenas de parceria.<\/p>\n<p>Como acontece em grande parte dos filmes da Marvel, os her\u00f3is, primeiramente, lutam entre si para s\u00f3 depois criarem um la\u00e7o de amizade.<\/p>\n<p>Em Vingadores 5 os her\u00f3is ter\u00e3o confronto \u00e9pico contra os X-Men!<\/p>\n<p>O primeiro filme reunindo as duas maiores equipes da Marvel promete fortes emo\u00e7\u00f5es. O jornalista <a href=\"https:\/\/x.com\/DanielRPK\" rel=\"nofollow\">Daniel Richtman<\/a> falou que esta cena de batalha promete se ruma das maiores em toda a hist\u00f3ria da Marvel.<\/p>\n<p>Al\u00e9m disso, a fonte vazou diversos confrontos que ir\u00e3o acontecer durante esta grande batalha. Veja abaixo quais ser\u00e3o algumas das lutas entre as equipes:<\/p>\n<ul class=\"wp-block-list\">\n<li>Senhor Fant\u00e1stico vs. Noturno<\/li>\n<li>Shang-Chi vs. Gambit<\/li>\n<li>Senhor Fant\u00e1stico vs. Deadpool<\/li>\n<li>Homem-Aranha (Tobey Maguire) vs. Wolverine<\/li>\n<li>Yelena vs. M\u00edstica<\/li>\n<li>Capit\u00e3o Am\u00e9rica (Sam Wilson) vs. Ciclope<\/li>\n<li>Sentinela vs. Professor X<\/li>\n<\/ul>\n<p>Durante este grande momento de Vingadores 5, outros membros da equipe e dos X-Men devem se enfrentar. No entanto, estes s\u00e3o os confirmados at\u00e9 agora.<\/p>\n<p>Por que as equipes ir\u00e3o se enfrentar?<\/p>\n<p>Tudo indica que a luta entre os dois times acontecer\u00e1 por influ\u00eancia do <strong>Doutor Destino<\/strong>, grande vil\u00e3o do filme. Pelo que as informa\u00e7\u00f5es apontam, ele, inicialmente, se mostrar\u00e1 como algu\u00e9m que est\u00e1 do lado dos her\u00f3is.<\/p>\n<p>No entanto, o seu verdadeiro plano n\u00e3o \u00e9 salvar o multiverso, e sim control\u00e1-lo. E para isso, ele precisar\u00e1 que as duas equipes percam, e por isso influenciar\u00e1 um confronto entre elas.<\/p>\n<p><strong>LEIA TAMB\u00c9M:<\/strong><\/p>\n<p>Ansiosos para Vingadores 5 e a luta contra os X-Men? Deixe a sua opini\u00e3o nos coment\u00e1rios e, por fim, continue acompanhando o\u00a0<strong>Legado da Marvel\u00a0<\/strong>para n\u00e3o perder nenhuma novidade!<\/p>\n","protected":false},"excerpt":{"rendered":"Vingadores 5: Doutor Destino \u00e9 o filme mais aguardado do ano por muitos motivos, incluindo a presen\u00e7a confirmada&hellip;\n","protected":false},"author":2,"featured_media":232982,"comment_status":"","ping_status":"","sticky":false,"template":"","format":"standard","meta":{"footnotes":""},"categories":[140],"tags":[114,115,147,148,146,32,33],"class_list":{"0":"post-232981","1":"post","2":"type-post","3":"status-publish","4":"format-standard","5":"has-post-thumbnail","7":"category-filmes","8":"tag-entertainment","9":"tag-entretenimento","10":"tag-film","11":"tag-filmes","12":"tag-movies","13":"tag-portugal","14":"tag-pt"},"share_on_mastodon":{"url":"https:\/\/pubeurope.com\/@pt\/115911312199026963","error":""},"_links":{"self":[{"href":"https:\/\/www.europesays.com\/pt\/wp-json\/wp\/v2\/posts\/232981","targetHints":{"allow":["GET"]}}],"collection":[{"href":"https:\/\/www.europesays.com\/pt\/wp-json\/wp\/v2\/posts"}],"about":[{"href":"https:\/\/www.europesays.com\/pt\/wp-json\/wp\/v2\/types\/post"}],"author":[{"embeddable":true,"href":"https:\/\/www.europesays.com\/pt\/wp-json\/wp\/v2\/users\/2"}],"replies":[{"embeddable":true,"href":"https:\/\/www.europesays.com\/pt\/wp-json\/wp\/v2\/comments?post=232981"}],"version-history":[{"count":0,"href":"https:\/\/www.europesays.com\/pt\/wp-json\/wp\/v2\/posts\/232981\/revisions"}],"wp:featuredmedia":[{"embeddable":true,"href":"https:\/\/www.europesays.com\/pt\/wp-json\/wp\/v2\/media\/232982"}],"wp:attachment":[{"href":"https:\/\/www.europesays.com\/pt\/wp-json\/wp\/v2\/media?parent=232981"}],"wp:term":[{"taxonomy":"category","embeddable":true,"href":"https:\/\/www.europesays.com\/pt\/wp-json\/wp\/v2\/categories?post=232981"},{"taxonomy":"post_tag","embeddable":true,"href":"https:\/\/www.europesays.com\/pt\/wp-json\/wp\/v2\/tags?post=232981"}],"curies":[{"name":"wp","href":"https:\/\/api.w.org\/{rel}","templated":true}]}}