{"id":233005,"date":"2026-01-17T16:30:10","date_gmt":"2026-01-17T16:30:10","guid":{"rendered":"https:\/\/www.europesays.com\/pt\/233005\/"},"modified":"2026-01-17T16:30:10","modified_gmt":"2026-01-17T16:30:10","slug":"probabilidade-de-ventura-ser-eleito-e-quase-zero-observador","status":"publish","type":"post","link":"https:\/\/www.europesays.com\/pt\/233005\/","title":{"rendered":"&#8220;Probabilidade de Ventura ser eleito \u00e9 quase zero&#8221; \u2013 Observador"},"content":{"rendered":"<p>Henrique Gouveia e Melo iniciou o discurso a dizer que os jornalistas lhe perguntaram v\u00e1rias vezes esta sexta-feira se se arrependia de ter iniciado este processo eleitoral. No com\u00edcio de encerramento da campanha, no P\u00e1tio da Gal\u00e9, em Lisboa, o candidato diz que na sua vida militar nunca \u201chesitou em partir\u201d e que, nesta \u201cmiss\u00e3o\u201d presidencial, a resposta \u00e9 simples: \u201c<strong>N\u00e3o me arrependo<\/strong>\u201d.<\/p>\n<p>Gouveia e Melo voltou tamb\u00e9m atirar a Andr\u00e9 Ventura, ao dizer que \u201ch\u00e1 um candidato que n\u00e3o quer ser Presidente da Rep\u00fablica, mas quer baralhar e confundir os portugueses. A probabilidade de ganhar <strong>\u00e0 segunda volta \u00e9 quase zero<\/strong>. Por raz\u00f5es partid\u00e1rias, concorreu a Presidente da Rep\u00fablica.\u201d E avisa os potenciais votantes de Ventura: \u201cSe por acaso votarem assim, est\u00e3o a meter outro candidato na Presid\u00eancia da Rep\u00fablica.\u201d<\/p>\n<p>Por outro lado, numa l\u00f3gica inversa, Gouveia e Melo diz que os \u201celeitores de esquerda ter\u00e3o de passar seriamente se o vosso \u00fatil vai servir para uma direita que se pode unir para eleger Andr\u00e9 Ventura e acabar com um Presidente radical na Presid\u00eancia da Rep\u00fablica.\u201d E adverte:\u00a0 \u201cEsse voto \u00fatil [em Seguro] \u00e9 uma armadilha muito perigosa.\u201d<\/p>\n<p>O almirante ainda que \u201co PSD anda a navegar em \u00e1guas turvas sem dizer qual seria a op\u00e7\u00e3o. Se a direita ganhar, s\u00f3 vai ganhar com um \u00fanico candidato: Andr\u00e9 Ventura.\u201d E acrescenta: \u201cH\u00e1 um candidato, que sou eu, que n\u00e3o representa nenhuma derrota para nenhum partido.\u201d Ainda no ataque a Andr\u00e9 Ventura: \u201cN\u00e3o preciso de fingir que fui militar e vestir\u00a0um uniformezinho.\u00a0Podia ter trazido hoje. Podia vestir o meu uniforme,<strong> a lei permite-me isso, mas n\u00e3o fiz.<\/strong>\u201d<\/p>\n<p>O candidato diz acreditar \u201cna justi\u00e7a, na seriedade e na boa an\u00e1lise no povo portugu\u00eas.\u201d Repete que as sondagens n\u00e3o votam e apela aos eleitores para darem \u201cuma li\u00e7\u00e3o a quem quis manipular perce\u00e7\u00f5es.\u201dConfiante, Gouveia e Melo diz aos apoiantes para se prepararem para a segunda volta: \u201c<strong>Vem a\u00ed a segunda fase<\/strong>.\u201d<\/p>\n","protected":false},"excerpt":{"rendered":"Henrique Gouveia e Melo iniciou o discurso a dizer que os jornalistas lhe perguntaram v\u00e1rias vezes esta sexta-feira&hellip;\n","protected":false},"author":2,"featured_media":233006,"comment_status":"","ping_status":"","sticky":false,"template":"","format":"standard","meta":{"footnotes":""},"categories":[10],"tags":[27,28,1077,15,16,14,25,26,21,22,12,13,19,20,302,32,1076,23,24,33,17,18,29,30,31],"class_list":{"0":"post-233005","1":"post","2":"type-post","3":"status-publish","4":"format-standard","5":"has-post-thumbnail","7":"category-portugal","8":"tag-breaking-news","9":"tag-breakingnews","10":"tag-eleiu00e7u00f5es","11":"tag-featured-news","12":"tag-featurednews","13":"tag-headlines","14":"tag-latest-news","15":"tag-latestnews","16":"tag-main-news","17":"tag-mainnews","18":"tag-news","19":"tag-noticias","20":"tag-noticias-principais","21":"tag-noticiasprincipais","22":"tag-polu00edtica","23":"tag-portugal","24":"tag-presidenciais-2026","25":"tag-principais-noticias","26":"tag-principaisnoticias","27":"tag-pt","28":"tag-top-stories","29":"tag-topstories","30":"tag-ultimas","31":"tag-ultimas-noticias","32":"tag-ultimasnoticias"},"share_on_mastodon":{"url":"https:\/\/pubeurope.com\/@pt\/115911394854496951","error":""},"_links":{"self":[{"href":"https:\/\/www.europesays.com\/pt\/wp-json\/wp\/v2\/posts\/233005","targetHints":{"allow":["GET"]}}],"collection":[{"href":"https:\/\/www.europesays.com\/pt\/wp-json\/wp\/v2\/posts"}],"about":[{"href":"https:\/\/www.europesays.com\/pt\/wp-json\/wp\/v2\/types\/post"}],"author":[{"embeddable":true,"href":"https:\/\/www.europesays.com\/pt\/wp-json\/wp\/v2\/users\/2"}],"replies":[{"embeddable":true,"href":"https:\/\/www.europesays.com\/pt\/wp-json\/wp\/v2\/comments?post=233005"}],"version-history":[{"count":0,"href":"https:\/\/www.europesays.com\/pt\/wp-json\/wp\/v2\/posts\/233005\/revisions"}],"wp:featuredmedia":[{"embeddable":true,"href":"https:\/\/www.europesays.com\/pt\/wp-json\/wp\/v2\/media\/233006"}],"wp:attachment":[{"href":"https:\/\/www.europesays.com\/pt\/wp-json\/wp\/v2\/media?parent=233005"}],"wp:term":[{"taxonomy":"category","embeddable":true,"href":"https:\/\/www.europesays.com\/pt\/wp-json\/wp\/v2\/categories?post=233005"},{"taxonomy":"post_tag","embeddable":true,"href":"https:\/\/www.europesays.com\/pt\/wp-json\/wp\/v2\/tags?post=233005"}],"curies":[{"name":"wp","href":"https:\/\/api.w.org\/{rel}","templated":true}]}}