{"id":233123,"date":"2026-01-17T18:24:24","date_gmt":"2026-01-17T18:24:24","guid":{"rendered":"https:\/\/www.europesays.com\/pt\/233123\/"},"modified":"2026-01-17T18:24:24","modified_gmt":"2026-01-17T18:24:24","slug":"contra-repressao-em-curso-protestos-em-teerao-recebem-apoio-de-manifestantes-em-lisboa","status":"publish","type":"post","link":"https:\/\/www.europesays.com\/pt\/233123\/","title":{"rendered":"Contra &#8220;repress\u00e3o em curso&#8221;. Protestos em Teer\u00e3o recebem apoio de manifestantes em Lisboa"},"content":{"rendered":"<p>&#13;<br \/>\nDezenas de pessoas juntaram-se este s\u00e1bado para uma manifesta\u00e7\u00e3o nas imedia\u00e7\u00f5es da Assembleia da Rep\u00fablica, em Lisboa, com vista a apoiar os iranianos que, em Teer\u00e3o, contestam desde dezembro do ano passado o custo de vida e defendem o fim do regime dos ayatollahs.&#13;\n<\/p>\n<p>&#13;<br \/>\n<b>&#13;<br \/>\nA comunidade de iranianos em Portugal receia um quadro de agravamento da viol\u00eancia, denunciando &#8220;a repress\u00e3o em curso no Ir\u00e3o&#8221;<\/b>.<\/p>\n<p>          <img decoding=\"async\" itemprop=\"image\" class=\"img-fluid\"   src=\"https:\/\/www.europesays.com\/pt\/wp-content\/uploads\/2026\/01\/72f75017d77bd277e10b38e43e56bcc2.jpeg\"\/><\/p>\n<p><b>Apela tamb\u00e9m \u00e0 rutura diplom\u00e1tica com o regime<\/b>, ao reconhecimento do pr\u00edncipe herdeiro Reza Pahlavi como interlocutor num processo de transi\u00e7\u00e3o e \u00e0 classifica\u00e7\u00e3o da Guarda Revolucion\u00e1ria como estrutura terrorista.<br \/>\n&#8220;Isto foi uma conspira\u00e7\u00e3o americana&#8221;<br \/>\nO ayatollah Ali Khamenei, l\u00edder supremo do regime iraniano, veio tamb\u00e9m este s\u00e1bado acusar o presidente dos Estados Unidos, Donald Trump, de ser &#8220;respons\u00e1vel pelas v\u00edtimas&#8221; da vaga de protestos no Ir\u00e3o.<\/p>\n<p><b>&#8220;N\u00e3o pretendemos levar o pa\u00eds para a guerra, mas n\u00e3o pouparemos os criminosos internos. E pior do que os criminosos internos, os criminosos internacionais, tamb\u00e9m n\u00e3o os pouparemos&#8221;<\/b>, declarou Khamenei diante de uma multid\u00e3o de apoiantes.<\/p>\n<p>Ali Khamenei acusou ainda Donald Trump de ser &#8220;respons\u00e1vel pelos danos e pelas acusa\u00e7\u00f5es que lan\u00e7ou contra a na\u00e7\u00e3o iraniana&#8221;.<\/p>\n<p><b>&#8220;Isto foi uma conspira\u00e7\u00e3o americana&#8221;<\/b>, clamou, para acentuar que <b>&#8220;o objetivo dos Estados Unidos \u00e9 engolir o Ir\u00e3o&#8221; e colocar o pa\u00eds &#8220;novamente sob dom\u00ednio militar, pol\u00edtico e econ\u00f3mico&#8221;<\/b>.Khamenei afirmou que as autoridades &#8220;devem partir as costas aos sediciosos&#8221;.<\/p>\n<p><b>Os protestos no Ir\u00e3o tiveram in\u00edcio a 28 de dezembro<\/b>, quando comerciantes da capital, Teer\u00e3o, encerraram os neg\u00f3cios devido \u00e0 queda do rial &#8211; <b>a vaga de contesta\u00e7\u00e3o acabaria por se propagar a todo o pa\u00eds, ecoando palavras de ordem como &#8220;morte \u00e0 Rep\u00fablica Isl\u00e2mica&#8221; ou mesmo &#8220;morte a Khamenei&#8221;<\/b>.<\/p>\n<p>Organiza\u00e7\u00f5es n\u00e3o-governamentais conotadas com a oposi\u00e7\u00e3o ao regime, sediadas no ex\u00edlio, como a Iran Human Rights, calculam em <b>3.428 o n\u00famero de v\u00edtimas mortais da repress\u00e3o<\/b>.<\/p>\n<p>c\/ ag\u00eancias<br \/>&#13;<\/p>\n","protected":false},"excerpt":{"rendered":"&#13; Dezenas de pessoas juntaram-se este s\u00e1bado para uma manifesta\u00e7\u00e3o nas imedia\u00e7\u00f5es da Assembleia da Rep\u00fablica, em Lisboa,&hellip;\n","protected":false},"author":2,"featured_media":233124,"comment_status":"","ping_status":"","sticky":false,"template":"","format":"standard","meta":{"footnotes":"","_share_on_mastodon":"0"},"categories":[10],"tags":[2030,27,28,15,16,14,5453,25,26,797,21,22,18000,12,13,19,20,32,23,24,4256,33,1115,5454,17,18,29,30,31],"class_list":["post-233123","post","type-post","status-publish","format-standard","has-post-thumbnail","category-portugal","tag-assembleia-da-republica","tag-breaking-news","tag-breakingnews","tag-featured-news","tag-featurednews","tag-headlines","tag-irao","tag-latest-news","tag-latestnews","tag-lisboa","tag-main-news","tag-mainnews","tag-manifestacao","tag-news","tag-noticias","tag-noticias-principais","tag-noticiasprincipais","tag-portugal","tag-principais-noticias","tag-principaisnoticias","tag-protestos","tag-pt","tag-regime","tag-teerao","tag-top-stories","tag-topstories","tag-ultimas","tag-ultimas-noticias","tag-ultimasnoticias"],"share_on_mastodon":{"url":"https:\/\/pubeurope.com\/@pt\/115911843324735082","error":""},"_links":{"self":[{"href":"https:\/\/www.europesays.com\/pt\/wp-json\/wp\/v2\/posts\/233123","targetHints":{"allow":["GET"]}}],"collection":[{"href":"https:\/\/www.europesays.com\/pt\/wp-json\/wp\/v2\/posts"}],"about":[{"href":"https:\/\/www.europesays.com\/pt\/wp-json\/wp\/v2\/types\/post"}],"author":[{"embeddable":true,"href":"https:\/\/www.europesays.com\/pt\/wp-json\/wp\/v2\/users\/2"}],"replies":[{"embeddable":true,"href":"https:\/\/www.europesays.com\/pt\/wp-json\/wp\/v2\/comments?post=233123"}],"version-history":[{"count":0,"href":"https:\/\/www.europesays.com\/pt\/wp-json\/wp\/v2\/posts\/233123\/revisions"}],"wp:featuredmedia":[{"embeddable":true,"href":"https:\/\/www.europesays.com\/pt\/wp-json\/wp\/v2\/media\/233124"}],"wp:attachment":[{"href":"https:\/\/www.europesays.com\/pt\/wp-json\/wp\/v2\/media?parent=233123"}],"wp:term":[{"taxonomy":"category","embeddable":true,"href":"https:\/\/www.europesays.com\/pt\/wp-json\/wp\/v2\/categories?post=233123"},{"taxonomy":"post_tag","embeddable":true,"href":"https:\/\/www.europesays.com\/pt\/wp-json\/wp\/v2\/tags?post=233123"}],"curies":[{"name":"wp","href":"https:\/\/api.w.org\/{rel}","templated":true}]}}