{"id":233352,"date":"2026-01-17T22:00:14","date_gmt":"2026-01-17T22:00:14","guid":{"rendered":"https:\/\/www.europesays.com\/pt\/233352\/"},"modified":"2026-01-17T22:00:14","modified_gmt":"2026-01-17T22:00:14","slug":"flash-james-gunn-responde-clamor-por-grant-gustin-no-dcu-e-estranho-rumor-sobre-elliot-page","status":"publish","type":"post","link":"https:\/\/www.europesays.com\/pt\/233352\/","title":{"rendered":"Flash | James Gunn responde clamor por Grant Gustin no DCU e estranho rumor sobre Elliot Page"},"content":{"rendered":"<p class=\"wp-block-yoast-seo-estimated-reading-time yoast-reading-time__wrapper\">Estimated reading time: 3 minutos<\/p>\n<p>A sombra do <strong>Arrowverso<\/strong> ainda paira sobre a nova gest\u00e3o da <a href=\"https:\/\/ovicio.com.br\/tag\/dc-comics\/\" rel=\"nofollow noopener\" target=\"_blank\">DC Studios<\/a>. Mesmo anos ap\u00f3s o fim da s\u00e9rie da <strong>CW<\/strong>, uma grande parcela dos f\u00e3s continua fazendo campanha para que <strong>Grant Gustin<\/strong> assuma o manto de <a href=\"https:\/\/ovicio.com.br\/tag\/flash\/\" rel=\"nofollow noopener\" target=\"_blank\">Flash<\/a> nos cinemas, substituindo a vers\u00e3o cinematogr\u00e1fica de <strong>Ezra Miller<\/strong>. Recentemente, <strong>James Gunn<\/strong> precisou intervir nas redes sociais para acalmar os \u00e2nimos e responder a alguns rumores, no m\u00ednimo, curiosos.<\/p>\n<p>Tudo come\u00e7ou no <strong>Threads<\/strong>, quando um f\u00e3 amea\u00e7ou <strong>&#8220;iniciar um protesto&#8221;<\/strong> caso o ator <strong>Elliot Page<\/strong> (The Umbrella Academy) fosse escolhido para viver o <strong>Flash<\/strong> no lugar de Gustin. A especula\u00e7\u00e3o sobre Page pegou a todos de surpresa, inclusive o pr\u00f3prio chefe do est\u00fadio, j\u00e1 que essa possibilidade nunca havia sido ventilada oficialmente.<\/p>\n<p>Ao responder, o diretor de <strong>Superman<\/strong> foi direto, desmentindo qualquer <strong>&#8220;revolta&#8221;<\/strong> iminente e aproveitando para elogiar o eterno <strong>Barry Allen<\/strong> da TV:<\/p>\n<p><strong>&#8220;Continuo ouvindo que as pessoas v\u00e3o se revoltar por causa de certas coisas, mas at\u00e9 agora n\u00e3o vi nenhuma revolta. Adoro o Grant, ali\u00e1s. N\u00e3o sei o que o Elliot tem a ver com isso&#8221;<\/strong>, declarou Gunn.<\/p>\n<p><img fetchpriority=\"high\" decoding=\"async\" width=\"798\" height=\"892\" src=\"https:\/\/www.europesays.com\/pt\/wp-content\/uploads\/2026\/01\/20260117-default.webp.webp\" alt=\"Print de resposta de James Gunn sobre o Flash no Threads\" class=\"lazyload wp-image-894619\"  data-\/>Reprodu\u00e7\u00e3o: Threads<\/p>\n<p>O nome de <strong>Grant Gustin<\/strong> voltou a ganhar for\u00e7a nas redes sociais recentemente ap\u00f3s fotos do ator com cabelo loiro viralizarem, reacendendo o desejo dos f\u00e3s de v\u00ea-lo no <strong>DCU<\/strong>. Vale lembrar que o pr\u00f3prio Gustin j\u00e1 confirmou ter trocado mensagens com Gunn, mas o assunto era puramente <strong>Superman<\/strong>, her\u00f3i do qual o ator \u00e9 f\u00e3 declarado desde a inf\u00e2ncia, e n\u00e3o um retorno ao papel de velocista.<\/p>\n<p>Atualmente, a situa\u00e7\u00e3o do <strong>Flash<\/strong> no cinema \u00e9 de <strong>&#8220;descanso&#8221;<\/strong>. Ap\u00f3s o desempenho desastroso do filme de 2023 nas bilheterias e as pol\u00eamicas envolvendo <strong>Ezra Miller<\/strong>, Gunn e <strong>Peter Safran<\/strong> decidiram dar uma pausa no desenvolvimento do personagem.<\/p>\n<p>Especula-se que, quando o her\u00f3i retornar, a <strong>DC<\/strong> pode optar por introduzir <strong>Wally West<\/strong> como o protagonista, dando um novo f\u00f4lego ao legado do homem mais r\u00e1pido vivo.<\/p>\n<p>Para quem sente saudade, todas as temporadas de <strong>The Flash<\/strong> com <strong>Grant Gustin<\/strong> est\u00e3o dispon\u00edveis no cat\u00e1logo da <strong>Netflix<\/strong>.<\/p>\n<p>Leia tamb\u00e9m sobre Flash:<\/p>\n","protected":false},"excerpt":{"rendered":"Estimated reading time: 3 minutos A sombra do Arrowverso ainda paira sobre a nova gest\u00e3o da DC Studios.&hellip;\n","protected":false},"author":2,"featured_media":233353,"comment_status":"","ping_status":"","sticky":false,"template":"","format":"standard","meta":{"footnotes":"","_share_on_mastodon":"0"},"categories":[145],"tags":[211,210,12237,26122,114,115,12968,44571,7320,32,33],"class_list":["post-233352","post","type-post","status-publish","format-standard","has-post-thumbnail","category-celebridades","tag-celebridades","tag-celebrities","tag-dcu","tag-elliot-page","tag-entertainment","tag-entretenimento","tag-flash","tag-grant-gustin","tag-james-gunn","tag-portugal","tag-pt"],"share_on_mastodon":{"url":"https:\/\/pubeurope.com\/@pt\/115912692381035664","error":""},"_links":{"self":[{"href":"https:\/\/www.europesays.com\/pt\/wp-json\/wp\/v2\/posts\/233352","targetHints":{"allow":["GET"]}}],"collection":[{"href":"https:\/\/www.europesays.com\/pt\/wp-json\/wp\/v2\/posts"}],"about":[{"href":"https:\/\/www.europesays.com\/pt\/wp-json\/wp\/v2\/types\/post"}],"author":[{"embeddable":true,"href":"https:\/\/www.europesays.com\/pt\/wp-json\/wp\/v2\/users\/2"}],"replies":[{"embeddable":true,"href":"https:\/\/www.europesays.com\/pt\/wp-json\/wp\/v2\/comments?post=233352"}],"version-history":[{"count":0,"href":"https:\/\/www.europesays.com\/pt\/wp-json\/wp\/v2\/posts\/233352\/revisions"}],"wp:featuredmedia":[{"embeddable":true,"href":"https:\/\/www.europesays.com\/pt\/wp-json\/wp\/v2\/media\/233353"}],"wp:attachment":[{"href":"https:\/\/www.europesays.com\/pt\/wp-json\/wp\/v2\/media?parent=233352"}],"wp:term":[{"taxonomy":"category","embeddable":true,"href":"https:\/\/www.europesays.com\/pt\/wp-json\/wp\/v2\/categories?post=233352"},{"taxonomy":"post_tag","embeddable":true,"href":"https:\/\/www.europesays.com\/pt\/wp-json\/wp\/v2\/tags?post=233352"}],"curies":[{"name":"wp","href":"https:\/\/api.w.org\/{rel}","templated":true}]}}