{"id":23354,"date":"2025-08-10T10:25:11","date_gmt":"2025-08-10T10:25:11","guid":{"rendered":"https:\/\/www.europesays.com\/pt\/23354\/"},"modified":"2025-08-10T10:25:11","modified_gmt":"2025-08-10T10:25:11","slug":"tom-cavalcante-celebra-o-nascimento-da-neta-linda-historia-que-comeca","status":"publish","type":"post","link":"https:\/\/www.europesays.com\/pt\/23354\/","title":{"rendered":"Tom Cavalcante celebra o nascimento da neta: &#8216;Linda hist\u00f3ria que come\u00e7a&#8217;"},"content":{"rendered":"<p>A fam\u00edlia cresceu! O humorista Tom Cavalcante publicou uma sequ\u00eancia de fotos do nascimento da neta, Antonella; confira<\/p>\n<p>A fam\u00edlia de <a href=\"https:\/\/caras.com.br\/tags\/tom-cavalcante\" rel=\"noopener nofollow\" target=\"_blank\"><strong>Tom Cavalcante<\/strong><\/a> est\u00e1 completa! Na madrugada deste s\u00e1bado, 9, a filha do humorista, <a href=\"https:\/\/caras.com.br\/tags\/maria-cavalcante\" rel=\"noopener nofollow\" target=\"_blank\"><strong>Maria Cavalcante<\/strong><\/a>, deu \u00e0 luz<strong> Antonella<\/strong>, fruto de seu casamento com o cantor sertanejo <strong>Cristiano Deyvid<\/strong>. <a href=\"https:\/\/caras.com.br\/bebe\/nasceu-filha-de-tom-cavalcante-da-luz-antonella-sua-primeira-filha.phtml\" rel=\"noopener nofollow\" target=\"_blank\">A beb\u00ea nasceu em uma maternidade<\/a> em S\u00e3o Paulo por meio de uma ces\u00e1rea.<\/p>\n<p>Av\u00f4 coruja, Tom fez quest\u00e3o de celebrar a chegada da netinha. Em suas redes sociais, o artista, que acompanhou de perto o nascimento de Antonella, publicou uma sequ\u00eancia de fotos do parto e n\u00e3o escondeu a emo\u00e7\u00e3o em poder vivenciar este lindo momento.<\/p>\n<p>&#8220;Damos Gra\u00e7as ao nosso Deus de Amor pela chegada da princesa Antonella! Nossos agradecimentos a todos os profissionais envolvidos nessa linda hist\u00f3ria que come\u00e7a agora!&#8221;, declarou o famoso na legenda da postagem. Nos coment\u00e1rios, diversos amigos e f\u00e3s deixaram mensagens carinhosas ao humorista, desejando boas-vindas \u00e0 pequena Antonella.<\/p>\n<p>&#8220;Coisa mais linda!!!! Parab\u00e9ns&#8221;, escreveu a apresentadora <a href=\"https:\/\/caras.com.br\/tags\/adriane-galisteu\" rel=\"noopener nofollow\" target=\"_blank\"><strong>Adriane Galisteu<\/strong><\/a>. &#8220;Parab\u00e9ns!&#8221;, disse <a href=\"https:\/\/caras.com.br\/tags\/ana-hickmann\" rel=\"noopener nofollow\" target=\"_blank\"><strong>Ana Hickmann<\/strong><\/a>. &#8220;Ah esse vov\u00f4 Tom. Que momento especial, meu amigo. Voc\u00ea e Pati devem estar em estado de gra\u00e7a. Parab\u00e9ns aos papais Maria e Cris e vivas para essa menininha linda que j\u00e1 veio cheia de luz! Bem-vinda Antonella&#8221;, declarou a atriz <a href=\"https:\/\/caras.com.br\/tags\/fabiana-karla\" rel=\"noopener nofollow\" target=\"_blank\"><strong>Fabiana Karla<\/strong><\/a>.<\/p>\n<p><strong>Confira a publica\u00e7\u00e3o de Tom Cavalcante:<\/strong><\/p>\n<p>Qual \u00e9 o significado do nome da neta de Tom Cavalcante?<\/p>\n<p>Em um post recente nas redes sociais, Tom revelou que o <a href=\"https:\/\/caras.com.br\/bebe\/tom-cavalcante-revela-qual-e-o-nome-da-neta-saiba-o-significado.phtml\" rel=\"noopener nofollow\" target=\"_blank\">nome escolhido para a neta<\/a> seria Antonella. No v\u00eddeo, ele mostrou o momento em que ouviu o cora\u00e7\u00e3o da beb\u00ea na barriga da filha e tamb\u00e9m momentos da herdeira no exame de ultrassom.\u00a0<\/p>\n<p>O nome Antonella \u00e9 um derivado de Antonius, que vem do latim. O nome traz v\u00e1rios significados, como &#8220;valioso, inestim\u00e1vel&#8221; e &#8220;alimentado de flores&#8221;. \u00c9 um nome comum na It\u00e1lia, Brasil, Su\u00ed\u00e7a, Estados Unidos e Chile.<\/p>\n<p><strong>Leia tamb\u00e9m<\/strong>: <a href=\"https:\/\/caras.com.br\/casa-dos-famosos\/maria-cavalcante-revela-decoracao-do-quarto-da-primeira-filha.phtml\" rel=\"noopener nofollow\" target=\"_blank\">Maria Cavalcante revela a decora\u00e7\u00e3o do quarto da primeira filha<\/a><\/p>\n","protected":false},"excerpt":{"rendered":"A fam\u00edlia cresceu! O humorista Tom Cavalcante publicou uma sequ\u00eancia de fotos do nascimento da neta, Antonella; confira&hellip;\n","protected":false},"author":2,"featured_media":23355,"comment_status":"","ping_status":"","sticky":false,"template":"","format":"standard","meta":{"footnotes":""},"categories":[145],"tags":[211,210,114,115,8222,8221,32,33,4356],"class_list":{"0":"post-23354","1":"post","2":"type-post","3":"status-publish","4":"format-standard","5":"has-post-thumbnail","7":"category-celebridades","8":"tag-celebridades","9":"tag-celebrities","10":"tag-entertainment","11":"tag-entretenimento","12":"tag-filha-de-tom-cavalcante","13":"tag-maria-cavalcante","14":"tag-portugal","15":"tag-pt","16":"tag-tom-cavalcante"},"share_on_mastodon":{"url":"","error":""},"_links":{"self":[{"href":"https:\/\/www.europesays.com\/pt\/wp-json\/wp\/v2\/posts\/23354","targetHints":{"allow":["GET"]}}],"collection":[{"href":"https:\/\/www.europesays.com\/pt\/wp-json\/wp\/v2\/posts"}],"about":[{"href":"https:\/\/www.europesays.com\/pt\/wp-json\/wp\/v2\/types\/post"}],"author":[{"embeddable":true,"href":"https:\/\/www.europesays.com\/pt\/wp-json\/wp\/v2\/users\/2"}],"replies":[{"embeddable":true,"href":"https:\/\/www.europesays.com\/pt\/wp-json\/wp\/v2\/comments?post=23354"}],"version-history":[{"count":0,"href":"https:\/\/www.europesays.com\/pt\/wp-json\/wp\/v2\/posts\/23354\/revisions"}],"wp:featuredmedia":[{"embeddable":true,"href":"https:\/\/www.europesays.com\/pt\/wp-json\/wp\/v2\/media\/23355"}],"wp:attachment":[{"href":"https:\/\/www.europesays.com\/pt\/wp-json\/wp\/v2\/media?parent=23354"}],"wp:term":[{"taxonomy":"category","embeddable":true,"href":"https:\/\/www.europesays.com\/pt\/wp-json\/wp\/v2\/categories?post=23354"},{"taxonomy":"post_tag","embeddable":true,"href":"https:\/\/www.europesays.com\/pt\/wp-json\/wp\/v2\/tags?post=23354"}],"curies":[{"name":"wp","href":"https:\/\/api.w.org\/{rel}","templated":true}]}}