{"id":23361,"date":"2025-08-10T10:38:08","date_gmt":"2025-08-10T10:38:08","guid":{"rendered":"https:\/\/www.europesays.com\/pt\/23361\/"},"modified":"2025-08-10T10:38:08","modified_gmt":"2025-08-10T10:38:08","slug":"salah-critica-uefa-por-ocultar-como-foi-morto-pele-palestiniano-futebol","status":"publish","type":"post","link":"https:\/\/www.europesays.com\/pt\/23361\/","title":{"rendered":"Salah critica UEFA por ocultar como foi morto \u201cPel\u00e9 palestiniano\u201d | Futebol"},"content":{"rendered":"<p>O avan\u00e7ado do Liverpool Mohamed Salah criticou este s\u00e1bado a UEFA por homenagear o &#8220;Pel\u00e9 palestiniano&#8221; Suleiman al-Obeid sem mencionar que foi morto, segundo a federa\u00e7\u00e3o palestiniana, por tiros israelitas durante uma distribui\u00e7\u00e3o de ajuda humanit\u00e1ria em Gaza.<\/p>\n<p>O ex-jogador palestiniano foi morto na quarta-feira &#8220;na sequ\u00eancia de disparos da ocupa\u00e7\u00e3o israelita que visavam pessoas que aguardavam <a href=\"https:\/\/www.publico.pt\/2025\/07\/30\/mundo\/noticia\/fome-ja-matou-150-pessoas-gaza-2142359\" rel=\"nofollow noopener\" target=\"_blank\">ajuda humanit\u00e1ria <\/a>no sul da Faixa de Gaza&#8221;, anunciou a Associa\u00e7\u00e3o Palestiniana de Futebol no seu portal na Internet.<\/p>\n<p>A UEFA reagiu publicando na rede social X: &#8220;Adeus a Suleiman al-Obeid, o &#8216;Pel\u00e9 palestiniano&#8217;. Um talento que deu esperan\u00e7a a um n\u00famero incont\u00e1vel de crian\u00e7as, mesmo nos per\u00edodos mais sombrios&#8221;.<\/p>\n<p>&#8220;Podem dizer-nos como <a href=\"https:\/\/www.publico.pt\/2025\/07\/30\/mundo\/noticia\/fome-ja-matou-150-pessoas-gaza-2142359\" rel=\"nofollow noopener\" target=\"_blank\">morreu<\/a>, onde e porqu\u00ea?&#8221;, respondeu <a href=\"https:\/\/www.publico.pt\/2018\/01\/01\/desporto\/noticia\/mohamed-salah-eleito-melhor-futebolista-arabe-de-2017-1797815\" rel=\"nofollow noopener\" target=\"_blank\">o avan\u00e7ado<\/a> eg\u00edpcio na mesma plataforma.<\/p>\n<p>Em Outubro de 2023, a estrela do futebol eg\u00edpcio e do Liverpool pediu que a ajuda humanit\u00e1ria fosse autorizada a entrar em Gaza, apelando ao fim dos &#8220;massacres&#8221; no conflito entre Israel e o Hamas.<\/p>\n<p>Suleiman al-Obeid, que disputou 24 jogos internacionais pela selec\u00e7\u00e3o <a href=\"https:\/\/www.publico.pt\/palestina\" rel=\"nofollow noopener\" target=\"_blank\">palestiniana <\/a>e marcou mais de 100 golos ao longo da sua carreira, tinha 41 anos e era pai de cinco filhos, de acordo com a federa\u00e7\u00e3o palestiniana de futebol.<\/p>\n<p>A sua morte eleva, segundo a mesma fonte, para 321 o n\u00famero de membros da federa\u00e7\u00e3o mortos na guerra desencadeada pelo ataque do Hamas contra Israel a 7 de Outubro de 2023.<\/p>\n<p>Mohamed Salah, eleito em Maio o melhor jogador da temporada da Premier League pela segunda vez na carreira, deve ser convocado para a primeira partida oficial da temporada do Liverpool, no Community Shield, no pr\u00f3ximo dia 17, contra o Crystal Palace.<\/p>\n","protected":false},"excerpt":{"rendered":"O avan\u00e7ado do Liverpool Mohamed Salah criticou este s\u00e1bado a UEFA por homenagear o &#8220;Pel\u00e9 palestiniano&#8221; Suleiman al-Obeid&hellip;\n","protected":false},"author":2,"featured_media":23362,"comment_status":"","ping_status":"","sticky":false,"template":"","format":"standard","meta":{"footnotes":""},"categories":[8],"tags":[27,28,15,16,524,138,14,25,26,960,21,22,62,12,13,19,20,32,666,23,24,33,17,18,2697,29,30,31],"class_list":{"0":"post-23361","1":"post","2":"type-post","3":"status-publish","4":"format-standard","5":"has-post-thumbnail","7":"category-principais-noticias","8":"tag-breaking-news","9":"tag-breakingnews","10":"tag-featured-news","11":"tag-featurednews","12":"tag-futebol","13":"tag-futebol-internacional","14":"tag-headlines","15":"tag-latest-news","16":"tag-latestnews","17":"tag-liverpool","18":"tag-main-news","19":"tag-mainnews","20":"tag-mundo","21":"tag-news","22":"tag-noticias","23":"tag-noticias-principais","24":"tag-noticiasprincipais","25":"tag-portugal","26":"tag-premier-league","27":"tag-principais-noticias","28":"tag-principaisnoticias","29":"tag-pt","30":"tag-top-stories","31":"tag-topstories","32":"tag-uefa","33":"tag-ultimas","34":"tag-ultimas-noticias","35":"tag-ultimasnoticias"},"share_on_mastodon":{"url":"","error":""},"_links":{"self":[{"href":"https:\/\/www.europesays.com\/pt\/wp-json\/wp\/v2\/posts\/23361","targetHints":{"allow":["GET"]}}],"collection":[{"href":"https:\/\/www.europesays.com\/pt\/wp-json\/wp\/v2\/posts"}],"about":[{"href":"https:\/\/www.europesays.com\/pt\/wp-json\/wp\/v2\/types\/post"}],"author":[{"embeddable":true,"href":"https:\/\/www.europesays.com\/pt\/wp-json\/wp\/v2\/users\/2"}],"replies":[{"embeddable":true,"href":"https:\/\/www.europesays.com\/pt\/wp-json\/wp\/v2\/comments?post=23361"}],"version-history":[{"count":0,"href":"https:\/\/www.europesays.com\/pt\/wp-json\/wp\/v2\/posts\/23361\/revisions"}],"wp:featuredmedia":[{"embeddable":true,"href":"https:\/\/www.europesays.com\/pt\/wp-json\/wp\/v2\/media\/23362"}],"wp:attachment":[{"href":"https:\/\/www.europesays.com\/pt\/wp-json\/wp\/v2\/media?parent=23361"}],"wp:term":[{"taxonomy":"category","embeddable":true,"href":"https:\/\/www.europesays.com\/pt\/wp-json\/wp\/v2\/categories?post=23361"},{"taxonomy":"post_tag","embeddable":true,"href":"https:\/\/www.europesays.com\/pt\/wp-json\/wp\/v2\/tags?post=23361"}],"curies":[{"name":"wp","href":"https:\/\/api.w.org\/{rel}","templated":true}]}}