{"id":233953,"date":"2026-01-18T12:07:11","date_gmt":"2026-01-18T12:07:11","guid":{"rendered":"https:\/\/www.europesays.com\/pt\/233953\/"},"modified":"2026-01-18T12:07:11","modified_gmt":"2026-01-18T12:07:11","slug":"globo-avalia-reexibir-minisserie-para-homenagear-manoel-carlos-dol","status":"publish","type":"post","link":"https:\/\/www.europesays.com\/pt\/233953\/","title":{"rendered":"Globo avalia reexibir miniss\u00e9rie para homenagear Manoel Carlos \u2022 DOL"},"content":{"rendered":"<p>Em momentos de transi\u00e7\u00e3o na televis\u00e3o aberta, a mem\u00f3ria afetiva costuma ganhar espa\u00e7o como estrat\u00e9gia e como gesto simb\u00f3lico. Obras que marcaram \u00e9poca voltam ao debate interno das emissoras n\u00e3o apenas pelo potencial de audi\u00eancia, mas tamb\u00e9m pelo peso cultural que carregam, especialmente quando seus criadores deixam um legado dif\u00edcil de substituir.<\/p>\n<p>\u00c9 nesse contexto que a Globo analisa a possibilidade de uma reprise da miniss\u00e9rie &#8220;Maysa: Quando Fala o Cora\u00e7\u00e3o&#8221;, exibida originalmente em 2009, como forma de homenagem ao autor Manoel Carlos, que faleceu recentemente. A ideia ainda est\u00e1 em est\u00e1gio de avalia\u00e7\u00e3o e envolve discuss\u00f5es internas sobre direitos autorais e, principalmente, licenciamento musical &#8211; ponto sens\u00edvel para a viabiliza\u00e7\u00e3o da exibi\u00e7\u00e3o em TV aberta.<\/p>\n<p>CONTE\u00daDO RELACIONADO<\/p>\n<p>Nos bastidores da emissora, a produ\u00e7\u00e3o \u00e9 vista como uma alternativa estrat\u00e9gica para o atual momento da grade. Por ser uma miniss\u00e9rie curta, &#8220;Maysa&#8221; se encaixaria com facilidade entre per\u00edodos de ajustes na programa\u00e7\u00e3o, especialmente no intervalo entre o fim do Big Brother Brasil e a chegada do Carnaval, quando a Globo tradicionalmente promove mudan\u00e7as em seus hor\u00e1rios.<\/p>\n<p>Quer mais not\u00edcias de entretenimento? <a href=\"https:\/\/www.whatsapp.com\/channel\/0029Va4xYGk1dAw9LjYD7B2k\" target=\"_blank\" rel=\"nofollow noopener\" data-rel-defined=\"\" style=\"font-weight:bold\">Acesse o canal do DOL no WhatsApp<\/a>.<\/p>\n<p>PRODUTO CORINGA<\/p>\n<p>Al\u00e9m do apelo art\u00edstico e da carga simb\u00f3lica ligada ao legado de Manoel Carlos, a obra tamb\u00e9m funciona como um &#8220;produto coringa&#8221;, capaz de preencher lacunas sem exigir grandes investimentos em novos formatos ou estreias in\u00e9ditas. Esse fator pesa em um cen\u00e1rio de constantes readequa\u00e7\u00f5es da grade.<\/p>\n<p>Apesar do interesse, a decis\u00e3o final ainda depende de an\u00e1lises jur\u00eddicas detalhadas. A Globo avalia custos e entraves legais, incluindo um processo judicial em andamento movido pela fam\u00edlia de Manoel Carlos contra a emissora. Embora a a\u00e7\u00e3o n\u00e3o inviabilize automaticamente a reprise, ela exige cautela redobrada antes de qualquer an\u00fancio oficial.<\/p>\n<p>Caso seja confirmada, a reexibi\u00e7\u00e3o de &#8220;Maysa: Quando Fala o Cora\u00e7\u00e3o&#8221; deve cumprir um duplo papel: homenagear um dos maiores nomes da teledramaturgia brasileira e, ao mesmo tempo, garantir estabilidade \u00e0 programa\u00e7\u00e3o da Globo em um per\u00edodo tradicionalmente inst\u00e1vel da televis\u00e3o.<\/p>\n","protected":false},"excerpt":{"rendered":"Em momentos de transi\u00e7\u00e3o na televis\u00e3o aberta, a mem\u00f3ria afetiva costuma ganhar espa\u00e7o como estrat\u00e9gia e como gesto&hellip;\n","protected":false},"author":2,"featured_media":233954,"comment_status":"","ping_status":"","sticky":false,"template":"","format":"standard","meta":{"footnotes":"","_share_on_mastodon":"0"},"categories":[142],"tags":[114,115,753,997,11549,44606,1172,32,703,33,151],"class_list":["post-233953","post","type-post","status-publish","format-standard","has-post-thumbnail","category-tv","tag-entertainment","tag-entretenimento","tag-globo","tag-homenagem","tag-manoel-carlos","tag-maysa","tag-minisserie","tag-portugal","tag-programacao","tag-pt","tag-tv"],"share_on_mastodon":{"url":"https:\/\/pubeurope.com\/@pt\/115916022879636164","error":""},"_links":{"self":[{"href":"https:\/\/www.europesays.com\/pt\/wp-json\/wp\/v2\/posts\/233953","targetHints":{"allow":["GET"]}}],"collection":[{"href":"https:\/\/www.europesays.com\/pt\/wp-json\/wp\/v2\/posts"}],"about":[{"href":"https:\/\/www.europesays.com\/pt\/wp-json\/wp\/v2\/types\/post"}],"author":[{"embeddable":true,"href":"https:\/\/www.europesays.com\/pt\/wp-json\/wp\/v2\/users\/2"}],"replies":[{"embeddable":true,"href":"https:\/\/www.europesays.com\/pt\/wp-json\/wp\/v2\/comments?post=233953"}],"version-history":[{"count":0,"href":"https:\/\/www.europesays.com\/pt\/wp-json\/wp\/v2\/posts\/233953\/revisions"}],"wp:featuredmedia":[{"embeddable":true,"href":"https:\/\/www.europesays.com\/pt\/wp-json\/wp\/v2\/media\/233954"}],"wp:attachment":[{"href":"https:\/\/www.europesays.com\/pt\/wp-json\/wp\/v2\/media?parent=233953"}],"wp:term":[{"taxonomy":"category","embeddable":true,"href":"https:\/\/www.europesays.com\/pt\/wp-json\/wp\/v2\/categories?post=233953"},{"taxonomy":"post_tag","embeddable":true,"href":"https:\/\/www.europesays.com\/pt\/wp-json\/wp\/v2\/tags?post=233953"}],"curies":[{"name":"wp","href":"https:\/\/api.w.org\/{rel}","templated":true}]}}