{"id":23396,"date":"2025-08-10T11:39:08","date_gmt":"2025-08-10T11:39:08","guid":{"rendered":"https:\/\/www.europesays.com\/pt\/23396\/"},"modified":"2025-08-10T11:39:08","modified_gmt":"2025-08-10T11:39:08","slug":"exclusivo-a-fazenda-joel-e-cumplice-de-duarte-e-anda-a-esconde-lo-novelas","status":"publish","type":"post","link":"https:\/\/www.europesays.com\/pt\/23396\/","title":{"rendered":"Exclusivo \u00abA Fazenda\u00bb: Joel \u00e9 c\u00famplice de Duarte e anda a escond\u00ea-lo? &#8211; Novelas"},"content":{"rendered":"<p>Em \u00abA Fazenda\u00bb, <a href=\"https:\/\/tvi.iol.pt\/novelas\/videos\/joel-declara-se-a-eva-nunca-quis-atravessar-me-entre-ti-e-o-talu\/676ac3630cf2f130c299a685\" rel=\"nofollow noopener\" target=\"_blank\">Joel (Jo\u00e3o Jesus)<\/a>\u00a0diz a <a href=\"https:\/\/tvi.iol.pt\/novelas\/videos\/desespero-de-um-filho-desaparecido-eu-nunca-me-esqueci-na-cara-do-meu-filho\/6786686b0cf23ab655363e95\" rel=\"nofollow noopener\" target=\"_blank\">Becas (Rita Loureiro)<\/a>\u00a0que vai ser apanhado por todos andarem atr\u00e1s dele por saberem que esconde Duarte. Becas diz j\u00e1 ter arranjado uma maneira de o safar, tendo mandado uma mensagem a <a href=\"https:\/\/tvi.iol.pt\/novelas\/sao-jose-correia\/dalila-carmo\/vem-ai-em-a-fazenda-crime-de-alba-e-descoberto\" rel=\"nofollow noopener\" target=\"_blank\">Alba (S\u00e3o Jos\u00e9 Correia)<\/a>.<\/p>\n<p>Alba conta a <a href=\"https:\/\/tvi.iol.pt\/novelas\/videos\/relacao-de-miro-e-leti-esta-por-um-fio\/675ae26f0cf28c51602e4612\" rel=\"nofollow noopener\" target=\"_blank\">Miro (Pedro Hossi)<\/a> que recebeu uma mensagem an\u00f3nima a dizer que <a href=\"https:\/\/tvi.iol.pt\/novelas\/videos\/eva-e-joel-beijam-se-apaixonadamente\/6776a2000cf23e044af75c9b\" rel=\"nofollow noopener\" target=\"_blank\">Eva (Margarida Corceiro)<\/a>\u00a0sabe o que aconteceu a <a href=\"https:\/\/tvi.iol.pt\/novelas\/videos\/vania-e-duarte-roubam-leti\/674711290cf28c51602e3c65\" rel=\"nofollow noopener\" target=\"_blank\">Duarte (Cl\u00e1udio de Castro)<\/a>.\u00a0<\/p>\n<p>Joel recrimina Becas por ter denunciado Eva a Alba, mas Becas diz que aquela foi a \u00fanica maneira de o proteger, acabando Eva por ir presa e n\u00e3o ele, mantendo eles Duarte escondido. Becas diz que de certeza que Alba viajar\u00e1 j\u00e1 para Angola para confrontar Eva e met\u00ea-la na cadeia.<\/p>\n<p>Recorde-se que ele chantageou S\u00f3nia (Joana Borja) para n\u00e3o dizer a localiza\u00e7\u00e3o do jovem:<\/p>\n","protected":false},"excerpt":{"rendered":"Em \u00abA Fazenda\u00bb, Joel (Jo\u00e3o Jesus)\u00a0diz a Becas (Rita Loureiro)\u00a0que vai ser apanhado por todos andarem atr\u00e1s dele&hellip;\n","protected":false},"author":2,"featured_media":23397,"comment_status":"","ping_status":"","sticky":false,"template":"","format":"standard","meta":{"footnotes":"","_share_on_mastodon":"0"},"categories":[142],"tags":[657,658,160,6096,8238,166,8239,114,115,722,157,167,721,723,164,719,161,158,165,159,32,33,156,6093,655,163,151,162],"class_list":["post-23396","post","type-post","status-publish","format-standard","has-post-thumbnail","category-tv","tag-a-fazenda","tag-alba","tag-ana-guiomar","tag-becas","tag-claudio-de-castro","tag-cristina-ferreira","tag-duarte","tag-entertainment","tag-entretenimento","tag-eva","tag-festa-e-festa","tag-ficcao","tag-joao-jesus","tag-joel","tag-jose-fidalgo","tag-margarida-corceiro","tag-novelas","tag-para-sempre","tag-pedro-sousa","tag-pedro-teixeira","tag-portugal","tag-pt","tag-queridos-papas","tag-rita-loureiro","tag-sao-jose-correia","tag-tiago-teotonio-pereira","tag-tv","tag-tvi"],"share_on_mastodon":{"url":"","error":""},"_links":{"self":[{"href":"https:\/\/www.europesays.com\/pt\/wp-json\/wp\/v2\/posts\/23396","targetHints":{"allow":["GET"]}}],"collection":[{"href":"https:\/\/www.europesays.com\/pt\/wp-json\/wp\/v2\/posts"}],"about":[{"href":"https:\/\/www.europesays.com\/pt\/wp-json\/wp\/v2\/types\/post"}],"author":[{"embeddable":true,"href":"https:\/\/www.europesays.com\/pt\/wp-json\/wp\/v2\/users\/2"}],"replies":[{"embeddable":true,"href":"https:\/\/www.europesays.com\/pt\/wp-json\/wp\/v2\/comments?post=23396"}],"version-history":[{"count":0,"href":"https:\/\/www.europesays.com\/pt\/wp-json\/wp\/v2\/posts\/23396\/revisions"}],"wp:featuredmedia":[{"embeddable":true,"href":"https:\/\/www.europesays.com\/pt\/wp-json\/wp\/v2\/media\/23397"}],"wp:attachment":[{"href":"https:\/\/www.europesays.com\/pt\/wp-json\/wp\/v2\/media?parent=23396"}],"wp:term":[{"taxonomy":"category","embeddable":true,"href":"https:\/\/www.europesays.com\/pt\/wp-json\/wp\/v2\/categories?post=23396"},{"taxonomy":"post_tag","embeddable":true,"href":"https:\/\/www.europesays.com\/pt\/wp-json\/wp\/v2\/tags?post=23396"}],"curies":[{"name":"wp","href":"https:\/\/api.w.org\/{rel}","templated":true}]}}