{"id":23412,"date":"2025-08-10T11:50:27","date_gmt":"2025-08-10T11:50:27","guid":{"rendered":"https:\/\/www.europesays.com\/pt\/23412\/"},"modified":"2025-08-10T11:50:27","modified_gmt":"2025-08-10T11:50:27","slug":"fas-comparam-ana-paula-siebert-a-inteligencia-artificial-apos-fotos-na-praia","status":"publish","type":"post","link":"https:\/\/www.europesays.com\/pt\/23412\/","title":{"rendered":"F\u00e3s comparam Ana Paula Siebert a intelig\u00eancia artificial ap\u00f3s fotos na praia"},"content":{"rendered":"\n<p class=\" content-text__container \" data-track-category=\"Link no Texto\" data-track-links=\"\"> Nos registros, Ana Paula aparece com um look de praia elegante, destacando a silhueta definida e o abd\u00f4men torneado. Segundo ela, foram cerca de 5 kg eliminados nos \u00faltimos meses, resultado que n\u00e3o passou despercebido. <\/p>\n<p class=\" content-text__container \" data-track-category=\"Link no Texto\" data-track-links=\"\"> Na legenda, brincou com a mudan\u00e7a de cen\u00e1rio: &#8220;O corpo no frio de SP, a mente na praia em Miami. Voc\u00ea \u00e9 da turma do calor ou do frio?&#8221;. <\/p>\n<p class=\" content-text__container \" data-track-category=\"Link no Texto\" data-track-links=\"\"> A publica\u00e7\u00e3o rapidamente ganhou destaque entre os f\u00e3s, que encheram a caixa de coment\u00e1rios com mensagens de admira\u00e7\u00e3o. &#8220;Essa mulher \u00e9 t\u00e3o perfeita que parece IA&#8221;, disse uma seguidora. &#8220;Parece uma boneca&#8221;, escreveu outra. &#8220;Linda e elegante&#8221;, definiu uma terceira. Teve at\u00e9 quem sugerisse: &#8220;Voc\u00ea deveria ser eleita a mulher mais bela do mundo.&#8221; <\/p>\n","protected":false},"excerpt":{"rendered":"Nos registros, Ana Paula aparece com um look de praia elegante, destacando a silhueta definida e o abd\u00f4men&hellip;\n","protected":false},"author":2,"featured_media":23413,"comment_status":"","ping_status":"","sticky":false,"template":"","format":"standard","meta":{"footnotes":""},"categories":[145],"tags":[211,210,114,115,319,32,33,318],"class_list":{"0":"post-23412","1":"post","2":"type-post","3":"status-publish","4":"format-standard","5":"has-post-thumbnail","7":"category-celebridades","8":"tag-celebridades","9":"tag-celebrities","10":"tag-entertainment","11":"tag-entretenimento","12":"tag-hard-news","13":"tag-portugal","14":"tag-pt","15":"tag-radar"},"share_on_mastodon":{"url":"","error":""},"_links":{"self":[{"href":"https:\/\/www.europesays.com\/pt\/wp-json\/wp\/v2\/posts\/23412","targetHints":{"allow":["GET"]}}],"collection":[{"href":"https:\/\/www.europesays.com\/pt\/wp-json\/wp\/v2\/posts"}],"about":[{"href":"https:\/\/www.europesays.com\/pt\/wp-json\/wp\/v2\/types\/post"}],"author":[{"embeddable":true,"href":"https:\/\/www.europesays.com\/pt\/wp-json\/wp\/v2\/users\/2"}],"replies":[{"embeddable":true,"href":"https:\/\/www.europesays.com\/pt\/wp-json\/wp\/v2\/comments?post=23412"}],"version-history":[{"count":0,"href":"https:\/\/www.europesays.com\/pt\/wp-json\/wp\/v2\/posts\/23412\/revisions"}],"wp:featuredmedia":[{"embeddable":true,"href":"https:\/\/www.europesays.com\/pt\/wp-json\/wp\/v2\/media\/23413"}],"wp:attachment":[{"href":"https:\/\/www.europesays.com\/pt\/wp-json\/wp\/v2\/media?parent=23412"}],"wp:term":[{"taxonomy":"category","embeddable":true,"href":"https:\/\/www.europesays.com\/pt\/wp-json\/wp\/v2\/categories?post=23412"},{"taxonomy":"post_tag","embeddable":true,"href":"https:\/\/www.europesays.com\/pt\/wp-json\/wp\/v2\/tags?post=23412"}],"curies":[{"name":"wp","href":"https:\/\/api.w.org\/{rel}","templated":true}]}}