{"id":23432,"date":"2025-08-10T12:07:13","date_gmt":"2025-08-10T12:07:13","guid":{"rendered":"https:\/\/www.europesays.com\/pt\/23432\/"},"modified":"2025-08-10T12:07:13","modified_gmt":"2025-08-10T12:07:13","slug":"eva-desk-vence-o-1o-episodio-do-reality-espirito-startups","status":"publish","type":"post","link":"https:\/\/www.europesays.com\/pt\/23432\/","title":{"rendered":"EVA Desk vence o 1\u00ba epis\u00f3dio do reality Esp\u00edrito Startups"},"content":{"rendered":"<p>O primeiro epis\u00f3dio da 5\u00aa temporada do <strong>Esp\u00edrito Startups<\/strong> foi exibido, neste s\u00e1bado (09), na <strong>TV Vit\u00f3ria\/Record<\/strong>, com nove empresas capixabas competindo pelo pr\u00eamio de R$ 500 mil. Ao final das apresenta\u00e7\u00f5es, a <strong>EVA Desk <\/strong>foi escolhida como a <strong>vencedora <\/strong>do epis\u00f3dio e garantiu a sua vaga na grande final.<\/p>\n<p><strong>Reveja o 1\u00ba epis\u00f3dio:<\/strong><\/p>\n<p>Alif Ferreira, um dos s\u00f3cios da EVA, expressou sua felicidade com a conquista. \u201cSa\u00ed l\u00e1 de S\u00e3o Mateus, apresentando a universidade aqui, entre 70 startups. Os colegas que eu pe\u00e7o s\u00e3o extremamente competentes, com pessoas extremamente competentes nos avaliando, n\u00f3s j\u00e1 somos vencedores, cara. A gente t\u00e1 muito feliz com isso\u201d, disse ele.<\/p>\n<p>J\u00e1 Alan Carvalho, o outro fundador, comentou sobre os insights que receberam durante o epis\u00f3dio. \u201cEu tenho uma fala do Thiago, que foi muito pertinente a respeito de entender melhor a divis\u00e3o dos nossos produtos, como eles se comportam na escada de valor. Ent\u00e3o, hoje, saindo daqui, a gente j\u00e1 vai se reunir, sentar, redesenhar e falar de uma maneira mais clara, pra ficar mais claro ainda sobre a nossa empresa\u201d.<\/p>\n<p><img loading=\"lazy\" decoding=\"async\" width=\"1320\" height=\"768\" src=\"data:image\/svg+xml,%3Csvg%20xmlns=\" http:=\"\" alt=\"\" class=\"wp-image-7507091\" data-lazy- data-lazy- data-lazy-src=\"https:\/\/www.europesays.com\/pt\/wp-content\/uploads\/2025\/08\/Arte-FV-\u2014-Corte-de-fotos-CMS-23.png\"\/>Foto: Everton Nunes<\/p>\n<p>Os jurados do primeiro epis\u00f3dio mostraram-se criteriosos e exigentes, atentos a cada detalhe das apresenta\u00e7\u00f5es. Entre os jurados fixos est\u00e3o Brunella Bumachar, fundadora do Centro Universit\u00e1rio Multivix, e Valdir Dall\u2019Ortto, empres\u00e1rio e investidor. J\u00e1 os jurados rotativos deste epis\u00f3dio foram Eduardo Magalh\u00e3es, CFO da Nazca; Cristiano Carvalho, CEO da Escola Americana de Vit\u00f3ria; e Thiago Molino, CEO da Globalsys.<\/p>\n<p><strong>Din\u00e2mica do programa<\/strong><\/p>\n<p>Cada startup tem, no m\u00e1ximo, 3 minutos para apresentar o neg\u00f3cio. Em seguida, os jurados podem fazer perguntas aos competidores. Das tr\u00eas empresas, apenas uma \u00e9 selecionada por programa. No \u00faltimo e quarto epis\u00f3dio, as finalistas disputam a vaga de campe\u00e3, que fatura o grande pr\u00eamio de <strong>R$ 500 mil<\/strong>.<\/p>\n<p><strong>Mentoria<\/strong><\/p>\n<p>M\u00e1rio Rodrigues, fundador e CEO da Frete R\u00e1pido, liderou a <strong>mentoria <\/strong>das startups da quinta temporada do Esp\u00edrito Startups. Durante o programa, M\u00e1rio avaliou os pitches das startups, ajudando a torn\u00e1-los mais objetivos e estrat\u00e9gicos. \u201c<strong>Meu papel foi avaliar o pitch, destacando os pontos fortes e sugerindo melhorias no modelo de neg\u00f3cio\u201d<\/strong>, explicou.<\/p>\n<p>Em algumas situa\u00e7\u00f5es, especialmente com startups ainda em fase inicial, tamb\u00e9m apoiou na revis\u00e3o de estrutura e proposta de valor, sempre com a vis\u00e3o de quem j\u00e1 investe em neg\u00f3cios emergentes.<\/p>\n<p>Fique de olho na programa\u00e7\u00e3o da <strong>TV Vit\u00f3ria\/ RECORD<\/strong> para n\u00e3o perder o pr\u00f3ximo epis\u00f3dio, que vai ao ar no s\u00e1bado, dia 16, logo ap\u00f3s o <strong>Balan\u00e7o Geral, \u00e0s 14h<\/strong>. A competi\u00e7\u00e3o segue acirrada e promete ainda mais surpresas e grandes ideias no <strong>Esp\u00edrito Startups.<\/strong><\/p>\n","protected":false},"excerpt":{"rendered":"O primeiro epis\u00f3dio da 5\u00aa temporada do Esp\u00edrito Startups foi exibido, neste s\u00e1bado (09), na TV Vit\u00f3ria\/Record, com&hellip;\n","protected":false},"author":2,"featured_media":23433,"comment_status":"","ping_status":"","sticky":false,"template":"","format":"standard","meta":{"footnotes":""},"categories":[142],"tags":[114,115,8242,8243,32,33,8244,151],"class_list":{"0":"post-23432","1":"post","2":"type-post","3":"status-publish","4":"format-standard","5":"has-post-thumbnail","7":"category-tv","8":"tag-entertainment","9":"tag-entretenimento","10":"tag-espirito-start-ups","11":"tag-espirito-start-ups-2025","12":"tag-portugal","13":"tag-pt","14":"tag-reality","15":"tag-tv"},"share_on_mastodon":{"url":"","error":""},"_links":{"self":[{"href":"https:\/\/www.europesays.com\/pt\/wp-json\/wp\/v2\/posts\/23432","targetHints":{"allow":["GET"]}}],"collection":[{"href":"https:\/\/www.europesays.com\/pt\/wp-json\/wp\/v2\/posts"}],"about":[{"href":"https:\/\/www.europesays.com\/pt\/wp-json\/wp\/v2\/types\/post"}],"author":[{"embeddable":true,"href":"https:\/\/www.europesays.com\/pt\/wp-json\/wp\/v2\/users\/2"}],"replies":[{"embeddable":true,"href":"https:\/\/www.europesays.com\/pt\/wp-json\/wp\/v2\/comments?post=23432"}],"version-history":[{"count":0,"href":"https:\/\/www.europesays.com\/pt\/wp-json\/wp\/v2\/posts\/23432\/revisions"}],"wp:featuredmedia":[{"embeddable":true,"href":"https:\/\/www.europesays.com\/pt\/wp-json\/wp\/v2\/media\/23433"}],"wp:attachment":[{"href":"https:\/\/www.europesays.com\/pt\/wp-json\/wp\/v2\/media?parent=23432"}],"wp:term":[{"taxonomy":"category","embeddable":true,"href":"https:\/\/www.europesays.com\/pt\/wp-json\/wp\/v2\/categories?post=23432"},{"taxonomy":"post_tag","embeddable":true,"href":"https:\/\/www.europesays.com\/pt\/wp-json\/wp\/v2\/tags?post=23432"}],"curies":[{"name":"wp","href":"https:\/\/api.w.org\/{rel}","templated":true}]}}