{"id":234390,"date":"2026-01-18T18:59:20","date_gmt":"2026-01-18T18:59:20","guid":{"rendered":"https:\/\/www.europesays.com\/pt\/234390\/"},"modified":"2026-01-18T18:59:20","modified_gmt":"2026-01-18T18:59:20","slug":"emocao-participacao-e-pintasilgo-as-palavras-dos-candidatos-na-mesa-de-voto-presidenciais-2026","status":"publish","type":"post","link":"https:\/\/www.europesays.com\/pt\/234390\/","title":{"rendered":"\u201cEmo\u00e7\u00e3o\u201d, \u201cparticipa\u00e7\u00e3o\u201d e \u201cPintasilgo\u201d: as palavras dos candidatos na mesa de voto | Presidenciais 2026"},"content":{"rendered":"<p>O apelo para que os portugueses saiam de casa para votar nas elei\u00e7\u00f5es presidenciais de hoje, tem sido uma constante nas mensagens de candidatos e l\u00edderes partid\u00e1rios que j\u00e1 exerceram o seu direito de voto.<\/p>\n<p>At\u00e9 \u00e0s 12h de hoje, a aflu\u00eancia \u00e0s urnas para a elei\u00e7\u00e3o do pr\u00f3ximo Presidente da Rep\u00fablica situava-se nos 21,18%, segundo dados da Secretaria-Geral do Minist\u00e9rio da Administra\u00e7\u00e3o Interna, uma percentagem superior \u00e0s anteriores elei\u00e7\u00f5es presidenciais, em que h\u00e1 mesma hora era de 17,07%.<\/p>\n<p>O primeiro-ministro e l\u00edder do PSD, Lu\u00eds Montenegro, apelou a uma grande participa\u00e7\u00e3o nestas presidenciais, sustentando que os portugueses n\u00e3o devem delegar &#8220;a possibilidade de escolherem o mais alto magistrado da na\u00e7\u00e3o&#8221;.<\/p>\n<p>&#8220;Esta \u00e9 uma decis\u00e3o soberana dos portugueses que n\u00e3o devem delegar a possibilidade de escolherem o mais alto magistrado da na\u00e7\u00e3o, aquele que \u00e9 no nosso sistema pol\u00edtico um elemento-chave do equil\u00edbrio dos poderes, da coes\u00e3o social, nacional para enfrentarmos neste caso cinco anos que ser\u00e3o seguramente muito desafiantes&#8221;, disse Montenegro em Espinho, no distrito de Aveiro.<\/p>\n<p>J\u00e1 o ministro da Defesa e presidente do CDS-PP, Nuno Melo, que votou no Porto, classificou as elei\u00e7\u00f5es presidenciais de hoje como &#8220;muito importantes&#8221;, pois elegem &#8220;um alto representante da na\u00e7\u00e3o e, principalmente, aquele que deve ser o garante do bom funcionamento das institui\u00e7\u00f5es democr\u00e1ticas&#8221;.<\/p>\n<p>Lan\u00e7ou um olhar para os desafios do sucessor de Marcelo Rebelo de Sousa, que ter\u00e1, &#8220;desde logo do ponto de vista geopol\u00edtico, um mundo em mudan\u00e7a em ritmo muito acelerado, e tem, tamb\u00e9m por isso, de estar \u00e0 altura das fun\u00e7\u00f5es. Portugal precisa de estabilidade, para com estabilidade enfrentar todos esses desafios&#8221;, afirmou.<\/p>\n<p>Tamb\u00e9m o candidato a Presidente da Rep\u00fablica Lu\u00eds Marques Mendes disse estar &#8220;muito confiante&#8221; e apelou a uma &#8220;grande participa\u00e7\u00e3o&#8221; dos eleitores nas elei\u00e7\u00f5es, num momento em que &#8220;a situa\u00e7\u00e3o internacional \u00e9 muito dif\u00edcil&#8221;.<\/p>\n<p>&#8220;Aquilo que eu desejo e o apelo que eu faria, era para uma grande participa\u00e7\u00e3o nesta elei\u00e7\u00e3o. E, portanto, fazendo com que as pessoas v\u00e3o votar e fazendo com que a absten\u00e7\u00e3o possa baixar&#8221;, afirmou em Caxias, Oeiras, onde votou esta manh\u00e3.<\/p>\n<p>Por sua vez, o candidato Ant\u00f3nio Jos\u00e9 Seguro, que votou nas Caldas da Rainha, disse que o fez com &#8220;muita emo\u00e7\u00e3o e muita esperan\u00e7a&#8221;, acreditando no &#8220;bom senso dos portugueses&#8221; que n\u00e3o ir\u00e3o desperdi\u00e7ar uma oportunidade para decidir o futuro do pa\u00eds.<\/p>\n<p>&#8220;Eu hoje votei com muita emo\u00e7\u00e3o e votei com muita esperan\u00e7a no futuro de Portugal. \u00c9 isso que neste momento est\u00e1 a acontecer. Cada portuguesa e cada portugu\u00eas est\u00e3o a decidir o futuro do nosso pa\u00eds. Eu acredito no bom senso dos portugueses&#8221;, disse aos jornalistas o candidato \u00e0 Presid\u00eancia da Rep\u00fablica apoiado pelo PS, que votou esta manh\u00e3, na Escola Secund\u00e1ria Rafael Bordalo Pinheiro, nas Caldas da Rainha, acompanhado pela mulher.<\/p>\n<p>O secret\u00e1rio-geral do PS, Jos\u00e9 Lu\u00eds Carneiro, apelou a que &#8220;todos os que amam a democracia e a Constitui\u00e7\u00e3o&#8221; v\u00e3o votar e admitiu que a multiplicidade de candidatos pode levar \u00e0 &#8220;dispers\u00e3o de votos&#8221;.<\/p>\n<p>&#8220;Todos aqueles que amam a democracia e que defendem a Constitui\u00e7\u00e3o n\u00e3o podem ficar em casa. T\u00eam mesmo de vir votar&#8221;, apelou Jos\u00e9 Lu\u00eds Carneiro, ap\u00f3s ter votado, ao in\u00edcio da tarde no Porto.<\/p>\n<p>O candidato presidencial e l\u00edder do Chega, Andr\u00e9 Ventura, considerou, depois de votar em Lisboa, que a campanha podia ter sido mais esclarecedora, mas apelou aos portugueses para que se mobilizem e aproveitem o &#8220;dia fant\u00e1stico&#8221; para votar.<\/p>\n<p>Interrogado sobre a campanha, Ventura considerou que &#8220;houve de facto falhas significativas em temas que interessam \u00e0s pessoas&#8221;, afirmando que &#8220;uns mais do que outros n\u00e3o ajudaram a que consegu\u00edssemos debater esses assuntos&#8221;.<\/p>\n<p>Para o candidato Henrique Gouveia e Melo, as elei\u00e7\u00f5es de hoje &#8220;podem ser marcantes&#8221;, pelo que se mostra esperan\u00e7ado de que a absten\u00e7\u00e3o seja pouco expressiva num dia que \u00e9 &#8220;um hino \u00e0 democracia&#8221;.<\/p>\n<p>&#8220;Eu julgo que estas elei\u00e7\u00f5es podem ser marcantes e, portanto, estou convencido de que os portugueses v\u00e3o exercer o seu voto e v\u00e3o exercer a sua cidadania, que \u00e9 o que \u00e9 normal&#8221;, declarou ap\u00f3s votar na Faculdade de Ci\u00eancias Sociais e Humanas, em Lisboa.<\/p>\n<p>Ant\u00f3nio Filipe, candidato apoiado pelo PCP, instou os portugueses a que honrem o direito de voto e participem em &#8220;grande n\u00famero&#8221; nestas elei\u00e7\u00f5es.<\/p>\n<p>&#8220;Que os portugueses participem, que honrem o seu direito de voto, o direito de voto que custou muito a conquistar aos portugueses, o exerc\u00edcio do direito de voto em liberdade, em consci\u00eancia, por convic\u00e7\u00e3o e, portanto, espero que os portugueses participem em grande n\u00famero e honrem este direito&#8221;, afirmou Ant\u00f3nio Filipe, depois de votar num centro escolar, em Loures.<\/p>\n<p>Catarina Martins, que votou no Porto a meio da manh\u00e3, apelou tamb\u00e9m \u00e0 participa\u00e7\u00e3o dos portugueses, agradeceu a quem est\u00e1 nas mesas de voto e lembrou Maria de Lurdes Pintasilgo.<\/p>\n<p>&#8220;Queria come\u00e7ar por agradecer a todas as pessoas que, em todo o pa\u00eds, est\u00e3o nas mesas de voto a permitir que este dia aconte\u00e7a. A democracia \u00e9 participada por toda a gente e tanta gente que d\u00e1 este seu dia para que seja poss\u00edvel estarmos a votar&#8221;, disse Catarina Martins.<\/p>\n<p>&#8220;Este \u00e9 um dia muito importante. A primeira mulher que se candidatou \u00e0 Presid\u00eancia da Rep\u00fablica foi em 1986, Maria de Lurdes Pintasilgo, que faria hoje anos, ali\u00e1s. \u00c9 um dia em que a assinalamos&#8221;, declarou a candidata, apoiada pelo Bloco de Esquerda (BE).<\/p>\n<p>O coordenador do BE, Jos\u00e9 Manuel Pureza, manifestou, em Coimbra, o desejo de que muita gente vote e em plena consci\u00eancia, considerando que a diversidade de posi\u00e7\u00f5es contribuir\u00e1 para que o n\u00edvel de absten\u00e7\u00e3o seja reduzido.<\/p>\n<p>&#8220;Tenho dois desejos essenciais para este dia: o primeiro \u00e9 que muita gente vote e, em segundo lugar, que toda a gente, todos os homens, todas as mulheres, votem em plena consci\u00eancia. Se a democracia foi feita para podermos votar em quem nos representa, \u00e9 votando em quem nos representa que melhor defendemos a democracia&#8221;, afirmou Jos\u00e9 Manuel Pureza.<\/p>\n<p>No mesmo sentido do apelo ao voto foi a declara\u00e7\u00e3o de Jo\u00e3o Cotrim de Figueiredo, \u00e0 sa\u00edda da Escola B\u00e1sica Marquesa de Alorna, em Lisboa, onde votou: &#8220;Venham votar, n\u00e3o desperdicem, n\u00e3o deixem os outros escolherem por v\u00f3s.&#8221;<\/p>\n<p>&#8220;Fa\u00e7am deste dia das elei\u00e7\u00f5es o dia da festa da democracia e mostrem que \u00e9 poss\u00edvel mudar Portugal&#8221;, assinalou.<\/p>\n<p>O antigo l\u00edder da IL espera que haja uma &#8220;grande queda da absten\u00e7\u00e3o&#8221; e que a campanha eleitoral, &#8220;que nem sempre foi muito esclarecedora&#8221;, possa resultar num n\u00famero de votantes &#8220;muito maior&#8221;.<\/p>\n<p>Em Olh\u00e3o, o candidato presidencial Humberto Correia, que fez campanha vestido como Dom Afonso Henriques, afirmou que o seu voto &#8220;\u00e9 hist\u00f3rico&#8221;, para ele, para os seus antepassados e as futuras gera\u00e7\u00f5es.<\/p>\n<p>&#8220;Este voto para mim \u00e9 hist\u00f3rico. Para mim, para os meus antepassados e as minhas futuras gera\u00e7\u00f5es&#8221;, disse, justificando a afirma\u00e7\u00e3o com o facto de ser uma pessoa humilde, &#8220;do nada, da pobreza e conseguiu chegar at\u00e9 aqui&#8221;.<\/p>\n<p>O candidato Jorge Pinto manifestou &#8220;muita tranquilidade, felicidade e consci\u00eancia tranquila&#8221; ao votar esta manh\u00e3 em Amarante, no distrito do Porto, e apelou aos portugueses para que votem &#8220;massivamente&#8221;, lembrando os desafios internos e externos actuais.<\/p>\n<p>&#8220;Com tantos desafios internos e externos \u00e9 importante que os portugueses votem, votem massivamente, votem em consci\u00eancia. Da minha parte, muita tranquilidade, muita felicidade, sentimento de dever cumprido e de consci\u00eancia tranquila por ter conseguido ou ter tentado elevar o debate, marcar a agenda com debates que interessam aos portugueses&#8221;, disse Jorge Pinto.<\/p>\n<p>Por sua vez, o porta-voz do Livre, Rui Tavares, considerou &#8220;muito importante&#8221; que os portugueses votem para o Presidente da Rep\u00fablica, tendo em conta o contexto de &#8220;grande instabilidade internacional&#8221; e o &#8220;papel relevante&#8221; que desempenha o chefe de Estado.<\/p>\n<p>&#8220;Estas s\u00e3o elei\u00e7\u00f5es muito importantes. S\u00e3o elei\u00e7\u00f5es que se passam num contexto de grande instabilidade internacional, como estamos a ver, pelas not\u00edcias de ontem e de hoje, da tens\u00e3o entre Estados Unidos e Uni\u00e3o Europeia e o Presidente da Rep\u00fablica tem um papel muito relevante nessa mat\u00e9ria&#8221;, disse aos jornalistas Rui Tavares depois de ter votado no Liceu Gil Vicente, em Lisboa.<\/p>\n<p>O candidato Andr\u00e9 Pestana considerou que o importante \u00e9 a participa\u00e7\u00e3o dos portugueses nestas elei\u00e7\u00f5es, independentemente das suas escolhas.<\/p>\n<p>&#8220;Acho que \u00e9 importante que os portugueses participem neste ato c\u00edvico, que \u00e9 crucial, e pe\u00e7o, em particular, \u00e0 juventude, aos trabalhadores, aos reformados que est\u00e3o fartos de um pa\u00eds a duas velocidades&#8221;, afirmou Andr\u00e9 Pestana, em Coimbra, onde votou.<\/p>\n<p>Questionado sobre se a campanha foi suficientemente mobilizadora, Andr\u00e9 Pestana disse que foi &#8220;desconsiderado e descriminado relativamente aos outros candidatos&#8221;, referindo os 28 debates realizados e in\u00fameras entrevistas.<\/p>\n<p>Em Alhos Vedros, o secret\u00e1rio-geral do PCP, Paulo Raimundo, indicou que este \u00e9 um dia importante e que espera que as pessoas participem e garantam a elei\u00e7\u00e3o de um candidato que cumpra a Constitui\u00e7\u00e3o.<\/p>\n<p>&#8220;Hoje \u00e9 um dia importante, n\u00f3s estamos a eleger o Presidente da Rep\u00fablica, que tem o dever constitucional de defender, cumprir e fazer cumprir a Constitui\u00e7\u00e3o, n\u00e3o \u00e9 uma coisa qualquer&#8221;, disse Paulo Raimundo em declara\u00e7\u00f5es aos jornalistas depois de votar.<\/p>\n<p>Por seu turno, a porta-voz do PAN, In\u00eas Sousa Real, sublinhou a import\u00e2ncia dos eleitores votarem hoje, independentemente de existir a possibilidade de uma segunda volta, lembrando o papel do Presidente da Rep\u00fablica na &#8220;estabilidade&#8221; do pa\u00eds.<\/p>\n<p>&#8220;Independentemente de as pessoas saberem que existe a possibilidade de haver uma segunda volta, que n\u00e3o deixem de sair para ir votar, porque estamos a decidir aquilo que v\u00e3o ser os pr\u00f3ximos anos, de um papel, o mais alto papel da na\u00e7\u00e3o, que nos diz respeito a todos e a todas ao n\u00edvel da nossa qualidade de vida&#8221;, disse a deputada \u00fanica do PAN, que votou na Escola B\u00e1sica de Telheiras, em Lisboa.<\/p>\n<p>Nos A\u00e7ores, o presidente do Governo Regional, Jos\u00e9 Manuel Bolieiro, desejou que haja uma &#8220;baix\u00edssima absten\u00e7\u00e3o&#8221; e manifestou-se convicto de que os portugueses far\u00e3o a &#8220;melhor escolha&#8221;.<\/p>\n<p>Bolieiro, que votou na freguesia da Faj\u00e3 de Baixo, no concelho de Ponta Delgada, destacou que o novo Presidente da Rep\u00fablica vai confrontar-se como uma &#8220;situa\u00e7\u00e3o de instabilidade internacional&#8221; e destacou a import\u00e2ncia de, com outros atores pol\u00edticos, se &#8220;contribuir para serenidade, para a paz e, sobretudo para uma responsabilidade democr\u00e1tica c\u00edvica e de lideran\u00e7a nas na\u00e7\u00f5es e do pa\u00eds&#8221;.<\/p>\n<p>J\u00e1 o chefe do executivo da Madeira, Miguel Albuquerque, aproveitou o momento para manifestar a sua esperan\u00e7a em que o futuro Presidente da Rep\u00fablica nomeie um representante para a regi\u00e3o aut\u00f3noma de origem madeirense, vincando ser este o &#8220;entendimento&#8221; da popula\u00e7\u00e3o do arquip\u00e9lago.<\/p>\n<p>&#8220;Hoje h\u00e1 do ponto de vista da popula\u00e7\u00e3o da Madeira um entendimento que a institui\u00e7\u00e3o de representante da Rep\u00fablica deve ser atribu\u00edda a um madeirense, como foi anteriormente, e correu muito bem, porque sendo uma pessoa de c\u00e1, conhece a realidade intr\u00ednseca e as particularidades e especificidades da regi\u00e3o&#8221;, afirmou.<\/p>\n<p>Ainda na Madeira, o l\u00edder do Juntos Pelo Povo (JPP), \u00c9lvio Sousa, apelou \u00e0 participa\u00e7\u00e3o nas elei\u00e7\u00f5es, vincando serem &#8220;elei\u00e7\u00f5es fundamentais no \u00e2mbito da democracia portuguesa&#8221;.<\/p>\n<p>&#8220;A mensagem que eu gostaria de transmitir hoje, em nome do JPP, \u00e9 que os portugueses exer\u00e7am esse direito para a elei\u00e7\u00e3o desse cargo relevante para a magistratura de influ\u00eancia em Portugal e, nesse sentido, apelar para esse exerc\u00edcio do voto de express\u00e3o popular&#8221;, afirmou.<\/p>\n","protected":false},"excerpt":{"rendered":"O apelo para que os portugueses saiam de casa para votar nas elei\u00e7\u00f5es presidenciais de hoje, tem sido&hellip;\n","protected":false},"author":2,"featured_media":234391,"comment_status":"","ping_status":"","sticky":false,"template":"","format":"standard","meta":{"footnotes":"","_share_on_mastodon":"0"},"categories":[10],"tags":[3386,3399,27,28,15,16,9498,14,9520,25,26,21,22,24788,12,13,19,20,52,32,1076,23,24,33,17,18,29,30,31],"class_list":["post-234390","post","type-post","status-publish","format-standard","has-post-thumbnail","category-portugal","tag-andre-ventura","tag-antonio-jose-seguro","tag-breaking-news","tag-breakingnews","tag-featured-news","tag-featurednews","tag-gouveia-e-melo","tag-headlines","tag-joao-cotrim-figueiredo","tag-latest-news","tag-latestnews","tag-main-news","tag-mainnews","tag-marques-mendes","tag-news","tag-noticias","tag-noticias-principais","tag-noticiasprincipais","tag-politica","tag-portugal","tag-presidenciais-2026","tag-principais-noticias","tag-principaisnoticias","tag-pt","tag-top-stories","tag-topstories","tag-ultimas","tag-ultimas-noticias","tag-ultimasnoticias"],"share_on_mastodon":{"url":"","error":"Validation failed: Text character limit of 500 exceeded"},"_links":{"self":[{"href":"https:\/\/www.europesays.com\/pt\/wp-json\/wp\/v2\/posts\/234390","targetHints":{"allow":["GET"]}}],"collection":[{"href":"https:\/\/www.europesays.com\/pt\/wp-json\/wp\/v2\/posts"}],"about":[{"href":"https:\/\/www.europesays.com\/pt\/wp-json\/wp\/v2\/types\/post"}],"author":[{"embeddable":true,"href":"https:\/\/www.europesays.com\/pt\/wp-json\/wp\/v2\/users\/2"}],"replies":[{"embeddable":true,"href":"https:\/\/www.europesays.com\/pt\/wp-json\/wp\/v2\/comments?post=234390"}],"version-history":[{"count":0,"href":"https:\/\/www.europesays.com\/pt\/wp-json\/wp\/v2\/posts\/234390\/revisions"}],"wp:featuredmedia":[{"embeddable":true,"href":"https:\/\/www.europesays.com\/pt\/wp-json\/wp\/v2\/media\/234391"}],"wp:attachment":[{"href":"https:\/\/www.europesays.com\/pt\/wp-json\/wp\/v2\/media?parent=234390"}],"wp:term":[{"taxonomy":"category","embeddable":true,"href":"https:\/\/www.europesays.com\/pt\/wp-json\/wp\/v2\/categories?post=234390"},{"taxonomy":"post_tag","embeddable":true,"href":"https:\/\/www.europesays.com\/pt\/wp-json\/wp\/v2\/tags?post=234390"}],"curies":[{"name":"wp","href":"https:\/\/api.w.org\/{rel}","templated":true}]}}