{"id":234765,"date":"2026-01-19T00:30:08","date_gmt":"2026-01-19T00:30:08","guid":{"rendered":"https:\/\/www.europesays.com\/pt\/234765\/"},"modified":"2026-01-19T00:30:08","modified_gmt":"2026-01-19T00:30:08","slug":"estrategia-para-unir-a-direita-e-vencer-na-segunda-volta","status":"publish","type":"post","link":"https:\/\/www.europesays.com\/pt\/234765\/","title":{"rendered":"Estrat\u00e9gia para Unir a Direita e Vencer na Segunda Volta"},"content":{"rendered":"<p>O l\u00edder do Chega, Andr\u00e9 Ventura, que ter\u00e1 sido o segundo mais votado nas elei\u00e7\u00f5es presidenciais deste domingo, atr\u00e1s do socialista Ant\u00f3nio Jos\u00e9 Seguro, disse que se empenhar\u00e1 em agregar na segunda volta os eleitores que votaram em Cotrim de Figueiredo e Marques Mendes, pois &#8220;quem liderar a direita tem maiores probabilidades de vencer&#8221;.<\/p>\n<p><strong>&#8220;A direita hoje n\u00e3o perdeu as elei\u00e7\u00f5es. Ganhou-as claramente. Os candidatos \u00e0 direita t\u00eam mais votos do que os candidatos \u00e0 esquerda&#8221;,<\/strong> disse o candidato presidencial, antes de entrar para o hotel lisboeta que serve de quartel-general \u00e0 sua candidatura neste domingo. <\/p>\n<p>Acompanhado pela sua mulher, Dina Ventura, <strong>o l\u00edder do Chega agradeceu aos eleitores que acreditaram ser poss\u00edvel &#8220;uma nova direita em Portugal&#8221; e &#8220;uma nova constru\u00e7\u00e3o do pa\u00eds&#8221;<\/strong>, defendendo que &#8220;todo o pa\u00eds compreender&#8221; que &#8220;s\u00f3 h\u00e1 um caminho a fazer&#8221;.<\/p>\n<p>&#8220;O pa\u00eds vai ter de decidir se quer voltar a ter o socialismo no poder&#8221;, disse ainda Ventura, numa press\u00e3o pouco subtil aos restantes partidos do seu espetro pol\u00edtico &#8211; e, sobretudo, ao primeiro-ministro e l\u00edder social-democrata Lu\u00eds Montenegro.<\/p>\n<p>Referindo-se aos resultados ainda n\u00e3o oficiais deste domingo como mais um sinal de que Portugal tem &#8220;uma direita fragmentada&#8221;, o l\u00edder do Chega disse estar &#8220;muito orgulhoso&#8221; por os eleitores lhe terem &#8220;dado a lideran\u00e7a dessa direita&#8221;, <strong>prometendo &#8220;trabalhar cada minuto&#8221; para superar Ant\u00f3nio Jos\u00e9 Seguro na segunda volta<\/strong>.<\/p>\n","protected":false},"excerpt":{"rendered":"O l\u00edder do Chega, Andr\u00e9 Ventura, que ter\u00e1 sido o segundo mais votado nas elei\u00e7\u00f5es presidenciais deste domingo,&hellip;\n","protected":false},"author":2,"featured_media":234766,"comment_status":"","ping_status":"","sticky":false,"template":"","format":"standard","meta":{"footnotes":"","_share_on_mastodon":"0"},"categories":[10],"tags":[3386,3399,27,28,37215,15,16,14,17460,25,26,21,22,24788,12,13,19,20,32,1076,42780,23,24,33,17,18,29,30,31],"class_list":["post-234765","post","type-post","status-publish","format-standard","has-post-thumbnail","category-portugal","tag-andre-ventura","tag-antonio-jose-seguro","tag-breaking-news","tag-breakingnews","tag-eleicoes-presidenciais-2026","tag-featured-news","tag-featurednews","tag-headlines","tag-joao-cotrim-de-figueiredo","tag-latest-news","tag-latestnews","tag-main-news","tag-mainnews","tag-marques-mendes","tag-news","tag-noticias","tag-noticias-principais","tag-noticiasprincipais","tag-portugal","tag-presidenciais-2026","tag-presidenciais-de-2026","tag-principais-noticias","tag-principaisnoticias","tag-pt","tag-top-stories","tag-topstories","tag-ultimas","tag-ultimas-noticias","tag-ultimasnoticias"],"share_on_mastodon":{"url":"","error":"Validation failed: Text character limit of 500 exceeded"},"_links":{"self":[{"href":"https:\/\/www.europesays.com\/pt\/wp-json\/wp\/v2\/posts\/234765","targetHints":{"allow":["GET"]}}],"collection":[{"href":"https:\/\/www.europesays.com\/pt\/wp-json\/wp\/v2\/posts"}],"about":[{"href":"https:\/\/www.europesays.com\/pt\/wp-json\/wp\/v2\/types\/post"}],"author":[{"embeddable":true,"href":"https:\/\/www.europesays.com\/pt\/wp-json\/wp\/v2\/users\/2"}],"replies":[{"embeddable":true,"href":"https:\/\/www.europesays.com\/pt\/wp-json\/wp\/v2\/comments?post=234765"}],"version-history":[{"count":0,"href":"https:\/\/www.europesays.com\/pt\/wp-json\/wp\/v2\/posts\/234765\/revisions"}],"wp:featuredmedia":[{"embeddable":true,"href":"https:\/\/www.europesays.com\/pt\/wp-json\/wp\/v2\/media\/234766"}],"wp:attachment":[{"href":"https:\/\/www.europesays.com\/pt\/wp-json\/wp\/v2\/media?parent=234765"}],"wp:term":[{"taxonomy":"category","embeddable":true,"href":"https:\/\/www.europesays.com\/pt\/wp-json\/wp\/v2\/categories?post=234765"},{"taxonomy":"post_tag","embeddable":true,"href":"https:\/\/www.europesays.com\/pt\/wp-json\/wp\/v2\/tags?post=234765"}],"curies":[{"name":"wp","href":"https:\/\/api.w.org\/{rel}","templated":true}]}}