{"id":235162,"date":"2026-01-19T13:03:12","date_gmt":"2026-01-19T13:03:12","guid":{"rendered":"https:\/\/www.europesays.com\/pt\/235162\/"},"modified":"2026-01-19T13:03:12","modified_gmt":"2026-01-19T13:03:12","slug":"thiaguinho-se-emociona-com-homenagem-de-carol-peixinho-no-domingao-com-huck-e-hit","status":"publish","type":"post","link":"https:\/\/www.europesays.com\/pt\/235162\/","title":{"rendered":"Thiaguinho se emociona com homenagem de Carol Peixinho no &#8216;Doming\u00e3o com Huck&#8217; &#8211; \u00c9 Hit"},"content":{"rendered":"<p>O cantor Thiaguinho recebeu uma homenagem da fam\u00edlia neste domingo (18). Durante o programa Doming\u00e3o com Huck, da TV Globo, o artista foi surpreendido pelos pais cantando juntos e pela esposa, a influenciadora digital Carol Peixinho, lendo um texto dedicado ao artista.<\/p>\n<p>Pais de Bento, de tr\u00eas meses, o casal est\u00e1 junto h\u00e1 cerca de cinco anos, depois da participa\u00e7\u00e3o dela no Big Brother Brasil (BBB) 19. No palco, C<strong>arol leu um texto dedicado ao cantor, que foi \u00e0s l\u00e1grimas.<\/strong><\/p>\n<p>\t\t\t\tVeja tamb\u00e9m<\/p>\n<p>&#8220;Quando a gente se encontrou, percebi que algumas pessoas chegam nas nossas vidas como m\u00fasica boa. Fazendo tudo, meu amor, fazer mais sentido. A\u00ed voc\u00ea chegou. Agora sim, amor. O amor mais doce, mais sens\u00edvel, mais transparente, mais leve, como voc\u00ea vive a vida e como voc\u00ea me ensinou&#8221;, disse Carol.<\/p>\n<p>&#8220;A vida que hoje \u00e9 a nossa vida. Minha utopia que virou realidade. Sou muito feliz com voc\u00ea. Um super filho, um super irm\u00e3o, um super amigo, um super pai e um super marid\u00e3o&#8221;, continuou a influenciadora.<\/p>\n<p>Ela ainda relembra os momentos juntos e destaca a parceria nos cuidados com Bento, nascido no fim de 2025, al\u00e9m do surgimento da fam\u00edlia.<\/p>\n<p>&#8220;A for\u00e7a da sua f\u00e9 \u00e9 linda de ver, o amor pela sua fam\u00edlia e a capacidade de sonhar grande. E a\u00ed a gente sonhou junto, sonhou gigante, e o nosso sonho nasceu. Era um, j\u00e1 fomos dois e agora somos tr\u00eas&#8221;, finalizou Carol Peixinho, que foi abra\u00e7ada por Thiaguinho e beijada pelo artista.<\/p>\n","protected":false},"excerpt":{"rendered":"O cantor Thiaguinho recebeu uma homenagem da fam\u00edlia neste domingo (18). Durante o programa Doming\u00e3o com Huck, da&hellip;\n","protected":false},"author":2,"featured_media":235163,"comment_status":"","ping_status":"","sticky":false,"template":"","format":"standard","meta":{"footnotes":"","_share_on_mastodon":"0"},"categories":[145],"tags":[2397,211,210,114,115,32,9883,33,1180],"class_list":["post-235162","post","type-post","status-publish","format-standard","has-post-thumbnail","category-celebridades","tag-artes-cultura-e-entretenimento","tag-celebridades","tag-celebrities","tag-entertainment","tag-entretenimento","tag-portugal","tag-produtos","tag-pt","tag-redacao"],"share_on_mastodon":{"url":"https:\/\/pubeurope.com\/@pt\/115921905381710697","error":""},"_links":{"self":[{"href":"https:\/\/www.europesays.com\/pt\/wp-json\/wp\/v2\/posts\/235162","targetHints":{"allow":["GET"]}}],"collection":[{"href":"https:\/\/www.europesays.com\/pt\/wp-json\/wp\/v2\/posts"}],"about":[{"href":"https:\/\/www.europesays.com\/pt\/wp-json\/wp\/v2\/types\/post"}],"author":[{"embeddable":true,"href":"https:\/\/www.europesays.com\/pt\/wp-json\/wp\/v2\/users\/2"}],"replies":[{"embeddable":true,"href":"https:\/\/www.europesays.com\/pt\/wp-json\/wp\/v2\/comments?post=235162"}],"version-history":[{"count":0,"href":"https:\/\/www.europesays.com\/pt\/wp-json\/wp\/v2\/posts\/235162\/revisions"}],"wp:featuredmedia":[{"embeddable":true,"href":"https:\/\/www.europesays.com\/pt\/wp-json\/wp\/v2\/media\/235163"}],"wp:attachment":[{"href":"https:\/\/www.europesays.com\/pt\/wp-json\/wp\/v2\/media?parent=235162"}],"wp:term":[{"taxonomy":"category","embeddable":true,"href":"https:\/\/www.europesays.com\/pt\/wp-json\/wp\/v2\/categories?post=235162"},{"taxonomy":"post_tag","embeddable":true,"href":"https:\/\/www.europesays.com\/pt\/wp-json\/wp\/v2\/tags?post=235162"}],"curies":[{"name":"wp","href":"https:\/\/api.w.org\/{rel}","templated":true}]}}