{"id":23521,"date":"2025-08-10T13:31:07","date_gmt":"2025-08-10T13:31:07","guid":{"rendered":"https:\/\/www.europesays.com\/pt\/23521\/"},"modified":"2025-08-10T13:31:07","modified_gmt":"2025-08-10T13:31:07","slug":"o-valor-medio-do-metro-quadrado-ja-supera-os-2900-euros-saiba-onde-os-precos-estao-a-subir-mais-nao-e-em-lisboa-human-resources","status":"publish","type":"post","link":"https:\/\/www.europesays.com\/pt\/23521\/","title":{"rendered":"o valor m\u00e9dio do metro quadrado j\u00e1 supera os 2900 euros. Saiba onde os pre\u00e7os est\u00e3o a subir mais (n\u00e3o \u00e9 em Lisboa) \u2013 Human Resources"},"content":{"rendered":"\n<p>Comprar casa: o valor m\u00e9dio do metro quadrado j\u00e1 supera os 2900 euros. Saiba onde os pre\u00e7os est\u00e3o a subir mais (n\u00e3o \u00e9 em Lisboa) \u2013 Human Resources<\/p>\n<ul class=\"bf-breadcrumb-items\" itemscope=\"\" itemtype=\"http:\/\/schema.org\/BreadcrumbList\">\n<li itemprop=\"itemListElement\" itemscope=\"\" itemtype=\"http:\/\/schema.org\/ListItem\" class=\"bf-breadcrumb-item bf-breadcrumb-begin\"><a itemprop=\"item\" href=\"https:\/\/hrportugal.sapo.pt\" rel=\"home nofollow noopener\" target=\"_blank\">Home<\/a><\/li>\n<li itemprop=\"itemListElement\" itemscope=\"\" itemtype=\"http:\/\/schema.org\/ListItem\" class=\"bf-breadcrumb-item\"><a itemprop=\"item\" href=\"https:\/\/hrportugal.sapo.pt\/categoria\/noticias\/\" rel=\"nofollow noopener\" target=\"_blank\">Not\u00edcias<\/a><\/li>\n<li itemprop=\"itemListElement\" itemscope=\"\" itemtype=\"http:\/\/schema.org\/ListItem\" class=\"bf-breadcrumb-item\"><a itemprop=\"item\" href=\"https:\/\/hrportugal.sapo.pt\/categoria\/noticias\/vida\/\" rel=\"nofollow noopener\" target=\"_blank\">Outras not\u00edcias<\/a><\/li>\n<li itemprop=\"itemListElement\" itemscope=\"\" itemtype=\"http:\/\/schema.org\/ListItem\" class=\"bf-breadcrumb-item bf-breadcrumb-end\">Comprar casa: o valor m\u00e9dio do metro quadrado j\u00e1 supera os 2900 euros. Saiba onde os pre\u00e7os est\u00e3o a subir mais (n\u00e3o \u00e9 em Lisboa)<\/li>\n<\/ul>\n","protected":false},"excerpt":{"rendered":"Comprar casa: o valor m\u00e9dio do metro quadrado j\u00e1 supera os 2900 euros. Saiba onde os pre\u00e7os est\u00e3o&hellip;\n","protected":false},"author":2,"featured_media":23522,"comment_status":"","ping_status":"","sticky":false,"template":"","format":"standard","meta":{"footnotes":""},"categories":[83],"tags":[88,6295,89,90,8277,619,32,8278,33],"class_list":{"0":"post-23521","1":"post","2":"type-post","3":"status-publish","4":"format-standard","5":"has-post-thumbnail","7":"category-empresas","8":"tag-business","9":"tag-comprar-casa","10":"tag-economy","11":"tag-empresas","12":"tag-idealista","13":"tag-nacional","14":"tag-portugal","15":"tag-precos-imobiliarios","16":"tag-pt"},"share_on_mastodon":{"url":"","error":""},"_links":{"self":[{"href":"https:\/\/www.europesays.com\/pt\/wp-json\/wp\/v2\/posts\/23521","targetHints":{"allow":["GET"]}}],"collection":[{"href":"https:\/\/www.europesays.com\/pt\/wp-json\/wp\/v2\/posts"}],"about":[{"href":"https:\/\/www.europesays.com\/pt\/wp-json\/wp\/v2\/types\/post"}],"author":[{"embeddable":true,"href":"https:\/\/www.europesays.com\/pt\/wp-json\/wp\/v2\/users\/2"}],"replies":[{"embeddable":true,"href":"https:\/\/www.europesays.com\/pt\/wp-json\/wp\/v2\/comments?post=23521"}],"version-history":[{"count":0,"href":"https:\/\/www.europesays.com\/pt\/wp-json\/wp\/v2\/posts\/23521\/revisions"}],"wp:featuredmedia":[{"embeddable":true,"href":"https:\/\/www.europesays.com\/pt\/wp-json\/wp\/v2\/media\/23522"}],"wp:attachment":[{"href":"https:\/\/www.europesays.com\/pt\/wp-json\/wp\/v2\/media?parent=23521"}],"wp:term":[{"taxonomy":"category","embeddable":true,"href":"https:\/\/www.europesays.com\/pt\/wp-json\/wp\/v2\/categories?post=23521"},{"taxonomy":"post_tag","embeddable":true,"href":"https:\/\/www.europesays.com\/pt\/wp-json\/wp\/v2\/tags?post=23521"}],"curies":[{"name":"wp","href":"https:\/\/api.w.org\/{rel}","templated":true}]}}