{"id":235385,"date":"2026-01-19T16:51:09","date_gmt":"2026-01-19T16:51:09","guid":{"rendered":"https:\/\/www.europesays.com\/pt\/235385\/"},"modified":"2026-01-19T16:51:09","modified_gmt":"2026-01-19T16:51:09","slug":"seguro-ou-ventura-quem-apoia-quem-na-segunda-volta-das-presidenciais","status":"publish","type":"post","link":"https:\/\/www.europesays.com\/pt\/235385\/","title":{"rendered":"Seguro ou Ventura. Quem apoia quem na segunda volta das presidenciais?"},"content":{"rendered":"<p>                Ant\u00f3nio Jos\u00e9 Seguro e Andr\u00e9 Ventura v\u00e3o disputar, no dia 8 de fevereiro, a segunda volta das elei\u00e7\u00f5es presidenciais. O candidato apoiado pelo PS foi o vencedor deste domingo, com cerca de 31,11 por cento dos votos, enquanto o l\u00edder do Chega angariou 23,52 por cento da prefer\u00eancia dos portugueses. <\/p>\n<p><b>Para j\u00e1, o candidato socialista agrega apoios \u00e0 esquerda e \u00e0 direita, enquanto o candidato do Chega conta apenas com o apoio do eleitorado tradicional do partido.<br \/>\n          <img decoding=\"async\" itemprop=\"image\" class=\"img-fluid\"   src=\"https:\/\/www.europesays.com\/pt\/wp-content\/uploads\/2026\/01\/e085a3c17a90757320c2c3870ec333c3_N.jpg\"\/><\/p>\n<p> <\/b>Jornal da Tarde, 19 de janeiro de 2026<\/p>\n<p>No espectro pol\u00edtico da esquerda acumulam-se os apoios a Ant\u00f3nio Jos\u00e9 Seguro. Bloco de Esquerda e Livre, que apresentaram os seus pr\u00f3prios candidatos (Catarina Martins e Jorge Pinto) j\u00e1 mostraram sinais de apoio a Seguro. <\/p>\n<p>Os co-porta-vozes do <b>Livre<\/b>, Rui Tavares e Isabel Mendes Lopes, anunciaram que a forma\u00e7\u00e3o dever\u00e1 apoiar Seguro na segunda volta, sublinhando que a decis\u00e3o ainda ser\u00e1 formalizada internamente, mas assegurando existir uma \u201ccerteza clara\u201d de que o partido estar\u00e1 \u201cdo lado da democracia e da defesa da Constitui\u00e7\u00e3o\u201d. <\/p>\n<p>J\u00e1 o coordenador do <b>Bloco de Esquerda<\/b>, Jos\u00e9 Manuel Pureza, revelou que vai propor \u00e0 Mesa Nacional do partido que apele ao voto no candidato e ex-secret\u00e1rio-geral do PS. <\/p>\n<p>Logo na noite eleitoral os candidatos apoiados pelo Bloco de Esquerda e pelo Livre anunciaram o apoio a Seguro na segunda volta.<\/p>\n<p><b>Catarina Martins<\/b>, apoiada pelo Bloco de Esquerda, reconhece que teve um resultado &#8220;muito abaixo&#8221; do que esperava, mas garante &#8220;continuar a lutar&#8221;. A \u00fanica mulher que concorreu \u00e0s elei\u00e7\u00f5es pede que se vote em Ant\u00f3nio Jos\u00e9 Seguro.<\/p>\n<p>&#8220;Percebo que todos os democratas fiquem preocupados. Devo dizer-lhes que a resposta adequada \u00e9 votar em Ant\u00f3nio Jos\u00e9 Seguro na segunda volta.&#8221;<\/p>\n<p>J\u00e1 <b>Jorge Pinto<\/b>, apoiado pelo Livre e que reuniu o menor n\u00famero de votos dos candidatos de esquerda, tamb\u00e9m anunciou o apoio a Seguro na segunda volta. <\/p>\n<p>&#8220;Irei votar Ant\u00f3nio Jos\u00e9 Seguro na segunda volta&#8221;, garantiu o candidato. <\/p>\n<p>O candidato do PCP, <b>Ant\u00f3nio Filipe<\/b>, que ficou em 7.\u00ba lugar, considerou que \u00e9 necess\u00e1rio derrotar os \u201cprop\u00f3sitos reacion\u00e1rios\u201d de Andr\u00e9 Ventura.<\/p>\n<p>\u201cO apelo ao voto no candidato Ant\u00f3nio Jos\u00e9 Seguro n\u00e3o significa um apoio ao candidato Ant\u00f3nio Jos\u00e9 Seguro e \u00e0quilo que ele defendeu enquanto candidato e o que tem defendido ao longo da sua atividade pol\u00edtica, mas significa a vontade imperiosa de derrotar o candidato Andr\u00e9 Ventura&#8221;, real\u00e7ou o candidato comunista. <\/p>\n<p>No mesmo tom, o secret\u00e1rio-geral do <b>PCP<\/b>, Paulo Raimundo, refere que a passagem de Ventura \u00e0 segunda volta \u201cconduz ao voto\u201d em Seguro.<\/p>\n<p>Tamb\u00e9m o <b>PAN <\/b>&#8211;  Pessoas-Animais-Natureza decidiu apoiar a candidatura de Ant\u00f3nio Jos\u00e9 Seguro na segunda volta das elei\u00e7\u00f5es presidenciais, anunciou o partido em comunicado.<\/p>\n<p>O PAN  diz acreditar que Ant\u00f3nio Jos\u00e9 Seguro representa \u201cuma solu\u00e7\u00e3o de equil\u00edbrio, modera\u00e7\u00e3o e estabilidade, com sentido de Estado e compromisso com os valores democr\u00e1ticos\u201d que o partido defendeApoios a Seguro de personalidades da direita &#13;\n<\/p>\n<p>No entanto, o apoio a Ant\u00f3nio Jos\u00e9 Seguro n\u00e3o chega apenas dos partidos de esquerda. \u00c0 direita (PSD e Iniciativa Liberal) tamb\u00e9m h\u00e1 quem apoie o candidato socialista na segunda volta da corrida a Bel\u00e9m. <\/p>\n<p>Na noite eleitoral da RTP, <b>Miguel Poiares Maduro<\/b>, antigo ministro do PSD e membro da comiss\u00e3o pol\u00edtica do candidato presidencial Marques Mendes, revelou que vai votar em Ant\u00f3nio Jos\u00e9 Seguro na segunda volta das presidenciais a 8de fevereiro. <\/p>\n<p>&#8220;Eu apoiarei claramente e votarei em Ant\u00f3nio Jos\u00e9 Seguro&#8221;, afirmou Poiares Maduro considerando que o candidato socialista seria &#8220;mais importante&#8221; e melhor para o PSD do que Andr\u00e9 Ventura.<\/p>\n<p>Para o ex-ministro social-democrata, &#8220;do ponto de vista do PSD, tamb\u00e9m \u00e9 mais importante e ser\u00e1 melhor um presidente como Ant\u00f3nio Jos\u00e9 Seguro do que como Andr\u00e9 Ventura. O principal objetivo de Andr\u00e9 Ventura \u00e9 substituir o PSD na governa\u00e7\u00e3o, n\u00e3o vejo que o PSD tenha interesse em alimentar essa aspira\u00e7\u00e3o&#8221;. <\/p>\n<p>Ainda do lado do PSD, o presidente da c\u00e2mara do Porto e ex-ministro de Lu\u00eds Montenegro, tamb\u00e9m anunciou apoio a Seguro. <\/p>\n<p>&#8220;N\u00e3o tenho a mais pequena d\u00favida em quem vou votar, isso \u00e9 absolutamente claro e inequ\u00edvoco: vou votar no Ant\u00f3nio Jos\u00e9 Seguro&#8221;, afirmou <b>Pedro Duarte<\/b> que durante a campanha eleitoral para a primeira volta esteve ao lado de Marques Mendes. <\/p>\n<p><b>Jos\u00e9 Eduardo Martins, Ant\u00f3nio Capucho e Jos\u00e9 Pacheco Pereira,<\/b> todos militantes do PSD anunciaram esta segunda-feira que v\u00e3o votar em Ant\u00f3nio Jos\u00e9 Seguro na segunda volta. <\/p>\n<p>Tamb\u00e9m na RTP, o l\u00edder da bancada parlamentar da Iniciativa Liberal, <b>M\u00e1rio Amorim Lopes<\/b>, revelou que na segunda volta vai votar no candidato apoiado pelo PS, justificando a op\u00e7\u00e3o com a &#8220;amea\u00e7a ao Estado de direito&#8221; que o Chega representa.<\/p>\n<p>Ressalvando que a sua posi\u00e7\u00e3o n\u00e3o vincula a Iniciativa Liberal, o tamb\u00e9m vice-presidente da IL afirmou na RTP que &#8220;muitos dos comportamentos do Chega indiciam uma forte amea\u00e7a ao Estado de direito&#8221; e criticou Andr\u00e9 Ventura por &#8220;invocar tr\u00eas Salazares&#8221;.<\/p>\n<p>M\u00e1rio Amorim Lopes disse ainda que vota Seguro, apoiado pelo PS, seguindo a sua consci\u00eancia e &#8220;\u00e0 frente de interesses pessoais e partid\u00e1rios&#8221;.<\/p>\n<p>J\u00e1 o mandat\u00e1rio de Jo\u00e3o Cotrim de Figueiredo nestas presidenciais, <b>Jos\u00e9 Manuel J\u00fadice<\/b> anunciou no domingo que vai votar Seguro a 8 de fevereiro. <\/p>\n<p>\u201cO meu mandato [como mandat\u00e1rio] terminou. Vou votar com total determina\u00e7\u00e3o, sem qualquer preocupa\u00e7\u00e3o, em Seguro\u201d, declarou J\u00fadice. <\/p>\n<p>&#13;<br \/>\n\u201cSe ele [Cotrim] n\u00e3o tivesse sido candidato, eu teria apoiado Ant\u00f3nio Jos\u00e9 Seguro na primeira volta\u201d, acrescentou.&#13;\n<\/p>\n<p>&#13;<br \/>\nTamb\u00e9m <b>Rodrigo Saraiva<\/b>, antigo dirigente da Iniciativa Liberal, defendeu que Seguro \u00e9 &#8220;o candidato que quer manter as coisas como est\u00e3o&#8221; por oposi\u00e7\u00e3o a quem &#8220;quer tudo destruir&#8221;.<br \/>&#13;\n<\/p>\n<p>\nPara j\u00e1, a presidente da Iniciativa Liberal n\u00e3o confirma se o partido vai apoiar Seguro ou Ventura na segunda volta das presidenciais. <\/p>\n<p>&#8220;Tenho de seguir os procedimentos e ouvir a minha dire\u00e7\u00e3o e os \u00f3rg\u00e3os do partido&#8221;, afirmou <b>Mariana Leit\u00e3o<\/b>.<\/p>\n<p>J\u00e1 <b>Francisco Rodrigues dos Santos<\/b>, ex-l\u00edder do CDS-PP e que na primeira volta esteve ao lado de Gouveia e Melo assumiu que na segunda volta vai votar em Seguro.<\/p>\n<p>&#8220;N\u00e3o tenho d\u00favidas rigorosamente nenhumas de que lado estou. N\u00e3o pode haver contempla\u00e7\u00f5es, hesita\u00e7\u00f5es, quando est\u00e1 em causa um consenso matricial de valores fundacionais e civilizacionais do nosso continente e do nosso pa\u00eds e sobretudo porque se exige numa altura destas que todos os democratas n\u00e3o tenham as menores das contempla\u00e7\u00f5es&#8221;, frisouE o que pensam os restantes candidatos?<br \/>&#13;<br \/>\n<b>Jo\u00e3o Cotrim de Figueiredo<\/b>, o terceiro candidato mais votado que contou com o apoio da Iniciativa Liberal na corrida a Bel\u00e9m, revelou na noite de domingo que n\u00e3o tenciona endossar ou recomendar o voto a qualquer um dos candidatos que seguem para a segunda volta.<\/p>\n<p>Cotrim de Figueiredo diz que os portugueses &#8220;ser\u00e3o confrontados numa segunda volta com uma p\u00e9ssima escolha&#8221;, atirando responsabilidades para a lideran\u00e7a do PSD.<\/p>\n<p>Tamb\u00e9m o candidato apoiado pelo PSD afirmou que n\u00e3o vai declarar apoio a nenhum candidato na 2.\u00aa volta. <\/p>\n<p>\u201cN\u00e3o vou fazer o endosso dos votos que me foram confiados. Tenho a minha opini\u00e3o pessoal, mas enquanto candidato n\u00e3o sou dono dos votos que em mim foram depositados\u201d, afirmou <b>Marques Mendes<\/b>. <\/p>\n<p>Na mesma linha de pensamento est\u00e1 Lu\u00eds Montenegro, o primeiro-ministro e l\u00edder do PSD, que afirmou que o partido n\u00e3o vai apoiar ningu\u00e9m na segunda volta.<\/p>\n<p>&#8220;O PSD n\u00e3o estar\u00e1 envolvido na campanha presidencial. A conclus\u00e3o que o PSD retira \u00e9 que o espa\u00e7o pol\u00edtico n\u00e3o estar\u00e1 representado nesta segunda volta\u201d, afirmou <b>Lu\u00eds Montenegro. <br \/>&#13;<br \/>\n<\/b>&#13;<br \/>\n<br \/>&#13;<br \/>\n<b>Henrique Gouveia e Melo<\/b>, que foi o quarto candidato mais votado, n\u00e3o manifestou ainda qualquer indica\u00e7\u00e3o de voto na segunda volta. <\/p>\n<p>O candidato considera \u201cmuito precoce para manifestar qualquer opini\u00e3o a esse respeito&#8221;. &#8220;Vou reservar isso para outro momento, mais tarde&#8221;.<\/p>\n<p><b>Manuel Jo\u00e3o Vieira<\/b>, que j\u00e1 anunciou que se vai candidatar \u00e0s pr\u00f3ximas elei\u00e7\u00f5es presidenciais, tamb\u00e9m n\u00e3o revelou quem poder\u00e1 apoiar na segunda volta. <\/p>\n<p>&#13;<br \/>\nNo entanto, o oitavo candidato mais votado afirmou, ap\u00f3s se conhecerem as proje\u00e7\u00f5es das sondagens, que achava \u201cpreocupante o n\u00famero de votos no Chega\u201d.&#13;\n<\/p>\n<p>O candidato presidencial <b>Andr\u00e9 Pestana<\/b> que lamentou o &#8220;fort\u00edssimo voto \u00fatil&#8221; \u00e0 esquerda nas presidenciais e admitiu que ir\u00e1 votar em Ant\u00f3nio Jos\u00e9 Seguro na segunda volta das elei\u00e7\u00f5es.<\/p>\n<p>Em declara\u00e7\u00f5es \u00e0 Lusa, Andr\u00e9 Pestana salientou que a diferen\u00e7a entre o resultado de Ant\u00f3nio Jos\u00e9 Seguro e Andr\u00e9 Ventura &#8220;foi mais dilatada do que qualquer sondagem previa&#8221;, o que evidencia ter-se registado um &#8220;fort\u00edssimo voto \u00fatil&#8221; \u00e0 esquerda.<\/p>\n<p>Andr\u00e9 Pestana disse que apesar de n\u00e3o se rever em Seguro, ter Andr\u00e9 Ventura na Presid\u00eancia da Rep\u00fablica &#8220;era o pior que podia acontecer \u00e0 sociedade portuguesa&#8221;.<br \/>&#13;\n<\/p>\n<p>&#13;<br \/>\n<b>Humberto Correia<\/b>, o candidato que recebeu menor n\u00famero de votos, tamb\u00e9m n\u00e3o se pronunciou sobre que candidato apoiar\u00e1 na segunda volta. <br \/>&#13;<\/p>\n","protected":false},"excerpt":{"rendered":"Ant\u00f3nio Jos\u00e9 Seguro e Andr\u00e9 Ventura v\u00e3o disputar, no dia 8 de fevereiro, a segunda volta das elei\u00e7\u00f5es&hellip;\n","protected":false},"author":2,"featured_media":235386,"comment_status":"","ping_status":"","sticky":false,"template":"","format":"standard","meta":{"footnotes":"","_share_on_mastodon":"0"},"categories":[10],"tags":[42034,3386,17462,3399,27,28,21811,15,16,9498,14,40564,17460,28245,25,26,21,22,44788,24788,12,13,19,20,32,5215,23,24,33,17,18,29,30,31],"class_list":["post-235385","post","type-post","status-publish","format-standard","has-post-thumbnail","category-portugal","tag-andre-pestana","tag-andre-ventura","tag-antonio-filipe","tag-antonio-jose-seguro","tag-breaking-news","tag-breakingnews","tag-catarina-martins","tag-featured-news","tag-featurednews","tag-gouveia-e-melo","tag-headlines","tag-humberto-correia","tag-joao-cotrim-de-figueiredo","tag-jorge-pinto","tag-latest-news","tag-latestnews","tag-main-news","tag-mainnews","tag-manuel-joao-viera","tag-marques-mendes","tag-news","tag-noticias","tag-noticias-principais","tag-noticiasprincipais","tag-portugal","tag-presidenciais","tag-principais-noticias","tag-principaisnoticias","tag-pt","tag-top-stories","tag-topstories","tag-ultimas","tag-ultimas-noticias","tag-ultimasnoticias"],"share_on_mastodon":{"url":"","error":"Validation failed: Text character limit of 500 exceeded"},"_links":{"self":[{"href":"https:\/\/www.europesays.com\/pt\/wp-json\/wp\/v2\/posts\/235385","targetHints":{"allow":["GET"]}}],"collection":[{"href":"https:\/\/www.europesays.com\/pt\/wp-json\/wp\/v2\/posts"}],"about":[{"href":"https:\/\/www.europesays.com\/pt\/wp-json\/wp\/v2\/types\/post"}],"author":[{"embeddable":true,"href":"https:\/\/www.europesays.com\/pt\/wp-json\/wp\/v2\/users\/2"}],"replies":[{"embeddable":true,"href":"https:\/\/www.europesays.com\/pt\/wp-json\/wp\/v2\/comments?post=235385"}],"version-history":[{"count":0,"href":"https:\/\/www.europesays.com\/pt\/wp-json\/wp\/v2\/posts\/235385\/revisions"}],"wp:featuredmedia":[{"embeddable":true,"href":"https:\/\/www.europesays.com\/pt\/wp-json\/wp\/v2\/media\/235386"}],"wp:attachment":[{"href":"https:\/\/www.europesays.com\/pt\/wp-json\/wp\/v2\/media?parent=235385"}],"wp:term":[{"taxonomy":"category","embeddable":true,"href":"https:\/\/www.europesays.com\/pt\/wp-json\/wp\/v2\/categories?post=235385"},{"taxonomy":"post_tag","embeddable":true,"href":"https:\/\/www.europesays.com\/pt\/wp-json\/wp\/v2\/tags?post=235385"}],"curies":[{"name":"wp","href":"https:\/\/api.w.org\/{rel}","templated":true}]}}