{"id":235601,"date":"2026-01-19T19:24:08","date_gmt":"2026-01-19T19:24:08","guid":{"rendered":"https:\/\/www.europesays.com\/pt\/235601\/"},"modified":"2026-01-19T19:24:08","modified_gmt":"2026-01-19T19:24:08","slug":"noticia-ministerio-da-saude-autoriza-continuidade-da-vacinacao-contra-a-dengue-nas-unidades-de-saude-ate","status":"publish","type":"post","link":"https:\/\/www.europesays.com\/pt\/235601\/","title":{"rendered":"Not\u00edcia &#8211; Minist\u00e9rio da Sa\u00fade autoriza continuidade da vacina\u00e7\u00e3o contra a dengue nas Unidades de Sa\u00fade at\u00e9 &#8230;"},"content":{"rendered":"<p>Campanha tamb\u00e9m foi ampliada para profissionais de sa\u00fade que atuam em Botucatu e moram na regi\u00e3o<\/p>\n<p>No \u00faltimo domingo, 18 de janeiro, Botucatu se mobilizou para imunizar a popula\u00e7\u00e3o de 15 a 59 anos contra a dengue, em uma a\u00e7\u00e3o de vacina\u00e7\u00e3o em massa promovida pelo Minist\u00e9rio da Sa\u00fade, quando 25.031 pessoas foram vacinadas. O munic\u00edpio foi um dos tr\u00eas selecionados em todo o pa\u00eds para realizar a vacina\u00e7\u00e3o antecipada de forma ampla e estrat\u00e9gica, com o objetivo de minimizar ou at\u00e9 erradicar a circula\u00e7\u00e3o do v\u00edrus na cidade.<\/p>\n<p>\u00a0<\/p>\n<p>Com a autoriza\u00e7\u00e3o do Minist\u00e9rio da Sa\u00fade, as doses remanescentes que n\u00e3o foram aplicadas no domingo seguem sendo distribu\u00eddas at\u00e9 o dia 30 de janeiro, ampliando o acesso da popula\u00e7\u00e3o \u00e0 imuniza\u00e7\u00e3o.<\/p>\n<p>\u00a0<\/p>\n<p>Atualmente, a vacina contra a dengue est\u00e1 dispon\u00edvel em todas as Unidades de Sa\u00fade de Botucatu, al\u00e9m do Espa\u00e7o Sa\u00fade, com atendimento das 8h \u00e0s 16h30, e em duas salas de vacina\u00e7\u00e3o noturna, das 18 \u00e0s 21h30, garantindo mais op\u00e7\u00f5es para quem n\u00e3o consegue se vacinar durante o dia:<\/p>\n<p>\u00a0<\/p>\n<p>\u2022 Centro de Sa\u00fade Escola da Vila dos Lavradores \u2013 Rua Dr. Gaspar Ricardo, 181 \u2013 Vila dos Lavradores<\/p>\n<p>\u2022 Policl\u00ednica CSI \u2013 Rua Dr. Raphael Sampaio, 58 \u2013 Centro<\/p>\n<p>\u00a0<\/p>\n<p>A Secretaria Municipal de Sa\u00fade tamb\u00e9m ampliou a vacina\u00e7\u00e3o para profissionais da \u00e1rea da sa\u00fade que trabalham em Botucatu, mas residem em cidades da regi\u00e3o. Para receber a dose, \u00e9 necess\u00e1rio apresentar comprovante de v\u00ednculo profissional que ateste o trabalho no munic\u00edpio.<\/p>\n<p>\u00a0<\/p>\n<p>A vacina \u00e9 de dose \u00fanica, possui produ\u00e7\u00e3o 100% nacional e \u00e9 disponibilizada exclusivamente pelo Sistema \u00danico de Sa\u00fade (SUS). Ela apresenta 74,7% de efic\u00e1cia contra a dengue sintom\u00e1tica e 89% de prote\u00e7\u00e3o contra as formas graves da doen\u00e7a, al\u00e9m de oferecer prote\u00e7\u00e3o contra os quatro sorotipos do v\u00edrus.<\/p>\n<p>\u00a0<\/p>\n<p>Quem ainda n\u00e3o se vacinou deve procurar a Unidade de Sa\u00fade mais pr\u00f3xima, munido de um documento oficial, e garantir a prote\u00e7\u00e3o contra a dengue. A ades\u00e3o da popula\u00e7\u00e3o \u00e9 fundamental para alcan\u00e7ar a cobertura necess\u00e1ria e fortalecer o enfrentamento da doen\u00e7a no munic\u00edpio.<\/p>\n","protected":false},"excerpt":{"rendered":"Campanha tamb\u00e9m foi ampliada para profissionais de sa\u00fade que atuam em Botucatu e moram na regi\u00e3o No \u00faltimo&hellip;\n","protected":false},"author":2,"featured_media":235602,"comment_status":"","ping_status":"","sticky":false,"template":"","format":"standard","meta":{"footnotes":"","_share_on_mastodon":"0"},"categories":[86],"tags":[34837,1300,116,5231,1133,32,3046,33,117],"class_list":["post-235601","post","type-post","status-publish","format-standard","has-post-thumbnail","category-saude","tag-botucatu","tag-cidade","tag-health","tag-municipal","tag-noticia","tag-portugal","tag-prefeitura","tag-pt","tag-saude"],"share_on_mastodon":{"url":"https:\/\/pubeurope.com\/@pt\/115923403696225293","error":""},"_links":{"self":[{"href":"https:\/\/www.europesays.com\/pt\/wp-json\/wp\/v2\/posts\/235601","targetHints":{"allow":["GET"]}}],"collection":[{"href":"https:\/\/www.europesays.com\/pt\/wp-json\/wp\/v2\/posts"}],"about":[{"href":"https:\/\/www.europesays.com\/pt\/wp-json\/wp\/v2\/types\/post"}],"author":[{"embeddable":true,"href":"https:\/\/www.europesays.com\/pt\/wp-json\/wp\/v2\/users\/2"}],"replies":[{"embeddable":true,"href":"https:\/\/www.europesays.com\/pt\/wp-json\/wp\/v2\/comments?post=235601"}],"version-history":[{"count":0,"href":"https:\/\/www.europesays.com\/pt\/wp-json\/wp\/v2\/posts\/235601\/revisions"}],"wp:featuredmedia":[{"embeddable":true,"href":"https:\/\/www.europesays.com\/pt\/wp-json\/wp\/v2\/media\/235602"}],"wp:attachment":[{"href":"https:\/\/www.europesays.com\/pt\/wp-json\/wp\/v2\/media?parent=235601"}],"wp:term":[{"taxonomy":"category","embeddable":true,"href":"https:\/\/www.europesays.com\/pt\/wp-json\/wp\/v2\/categories?post=235601"},{"taxonomy":"post_tag","embeddable":true,"href":"https:\/\/www.europesays.com\/pt\/wp-json\/wp\/v2\/tags?post=235601"}],"curies":[{"name":"wp","href":"https:\/\/api.w.org\/{rel}","templated":true}]}}