{"id":236011,"date":"2026-01-20T00:39:12","date_gmt":"2026-01-20T00:39:12","guid":{"rendered":"https:\/\/www.europesays.com\/pt\/236011\/"},"modified":"2026-01-20T00:39:12","modified_gmt":"2026-01-20T00:39:12","slug":"video-isco-aparece-a-trincao-a-sair-da-cidade-desportiva-do-betis","status":"publish","type":"post","link":"https:\/\/www.europesays.com\/pt\/236011\/","title":{"rendered":"V\u00cdDEO: Isco aparece \u00ab\u00e0 Trinc\u00e3o\u00bb a sair da cidade desportiva do Betis"},"content":{"rendered":"<p style=\"margin-bottom:11px\">Isco, <a href=\"https:\/\/maisfutebol.iol.pt\/espanha\/betis\/oficial-isco-renova-contrato-com-o-betis-ate-2028\" rel=\"nofollow noopener\" target=\"_blank\">que renovou com o Betis<\/a>, est\u00e1 ainda em processo de recupera\u00e7\u00e3o de uma grave les\u00e3o sofrida. Na atual temporada, o internacional espanhol participou em apenas dois encontros, somando uma assist\u00eancia. Apesar de ainda longe de voltar, o jogador de 33 anos j\u00e1 pode, pelo menos, conduzir.<\/p>\n<p>Ora, ao sair da cidade desportiva do Betis, Isco foi filmando no carro a prestar aten\u00e7\u00e3o a alguns adeptos. O que chamou a aten\u00e7\u00e3o? O novo \u00ablook\u00bb do n\u00famero 22 dos \u00abverdiblancos\u00bb. Um bigode que faz lembrar&#8230; Francisco Trinc\u00e3o, avan\u00e7ado do Sporting.<\/p>\n<p><strong>Ora veja o v\u00eddeo:\u00a0<\/strong><\/p>\n","protected":false},"excerpt":{"rendered":"Isco, que renovou com o Betis, est\u00e1 ainda em processo de recupera\u00e7\u00e3o de uma grave les\u00e3o sofrida. Na&hellip;\n","protected":false},"author":2,"featured_media":236012,"comment_status":"","ping_status":"","sticky":false,"template":"","format":"standard","meta":{"footnotes":"","_share_on_mastodon":"0"},"categories":[87],"tags":[6222,135,640,8318,82,44845,46,32,33,47,34,134,578],"class_list":["post-236011","post","type-post","status-publish","format-standard","has-post-thumbnail","category-desporto","tag-betis","tag-desporto","tag-espanha","tag-francisco-trincao","tag-internacional","tag-isco","tag-maisfutebol","tag-portugal","tag-pt","tag-pura-paixao","tag-sporting","tag-sports","tag-video"],"share_on_mastodon":{"url":"https:\/\/pubeurope.com\/@pt\/115924642223294254","error":""},"_links":{"self":[{"href":"https:\/\/www.europesays.com\/pt\/wp-json\/wp\/v2\/posts\/236011","targetHints":{"allow":["GET"]}}],"collection":[{"href":"https:\/\/www.europesays.com\/pt\/wp-json\/wp\/v2\/posts"}],"about":[{"href":"https:\/\/www.europesays.com\/pt\/wp-json\/wp\/v2\/types\/post"}],"author":[{"embeddable":true,"href":"https:\/\/www.europesays.com\/pt\/wp-json\/wp\/v2\/users\/2"}],"replies":[{"embeddable":true,"href":"https:\/\/www.europesays.com\/pt\/wp-json\/wp\/v2\/comments?post=236011"}],"version-history":[{"count":0,"href":"https:\/\/www.europesays.com\/pt\/wp-json\/wp\/v2\/posts\/236011\/revisions"}],"wp:featuredmedia":[{"embeddable":true,"href":"https:\/\/www.europesays.com\/pt\/wp-json\/wp\/v2\/media\/236012"}],"wp:attachment":[{"href":"https:\/\/www.europesays.com\/pt\/wp-json\/wp\/v2\/media?parent=236011"}],"wp:term":[{"taxonomy":"category","embeddable":true,"href":"https:\/\/www.europesays.com\/pt\/wp-json\/wp\/v2\/categories?post=236011"},{"taxonomy":"post_tag","embeddable":true,"href":"https:\/\/www.europesays.com\/pt\/wp-json\/wp\/v2\/tags?post=236011"}],"curies":[{"name":"wp","href":"https:\/\/api.w.org\/{rel}","templated":true}]}}