{"id":236053,"date":"2026-01-20T01:26:06","date_gmt":"2026-01-20T01:26:06","guid":{"rendered":"https:\/\/www.europesays.com\/pt\/236053\/"},"modified":"2026-01-20T01:26:06","modified_gmt":"2026-01-20T01:26:06","slug":"noticia-botucatu-recebe-aplicacao-de-larvicida-contra-a-dengue-nesta-semana","status":"publish","type":"post","link":"https:\/\/www.europesays.com\/pt\/236053\/","title":{"rendered":"Not\u00edcia &#8211; Botucatu recebe aplica\u00e7\u00e3o de larvicida contra a dengue nesta semana"},"content":{"rendered":"<p>A Vigil\u00e2ncia Ambiental em Sa\u00fade continua com a aplica\u00e7\u00e3o veicular de larvicida biol\u00f3gico em Botucatu como apoio no combate ao mosquito <strong>Aedes aegypti<\/strong>. A a\u00e7\u00e3o ajuda a atingir poss\u00edveis focos do mosquito e impede que ele se desenvolva ainda na fase de larva.<\/p>\n<p>\u00a0<\/p>\n<p>Em 2025, a cidade registrou 1.491 casos de dengue. Em 2026, at\u00e9 agora, s\u00e3o 5 casos confirmados. O n\u00famero caiu, mas a aten\u00e7\u00e3o precisa continuar. Pequenos cuidados no dia a dia, como eliminar qualquer recipiente com \u00e1gua parada, fazem toda a diferen\u00e7a.<\/p>\n<p>\u00a0<\/p>\n<p><strong>Confira os bairros que recebem a a\u00e7\u00e3o nesta semana:<\/strong><\/p>\n<p>\u2022 Segunda (19\/01): Jardim Aeroporto<br \/>\u2022 Ter\u00e7a (20\/01): Residencial Cedro e Jardim Santa Maria<br \/>\u2022 Quarta (21\/01): Vila S\u00e3o L\u00facio<br \/>\u2022 Quinta (22\/01): Vila S\u00e3o Luiz e Recanto Azul<br \/>\u2022 Sexta (23\/01): Ch\u00e1cara Floresta<\/p>\n<p>\u00a0<\/p>\n<p>O larvicida utilizado \u00e9 seguro para as pessoas, animais de estima\u00e7\u00e3o e para o meio ambiente. Mesmo assim, a ajuda da popula\u00e7\u00e3o \u00e9 fundamental para evitar a prolifera\u00e7\u00e3o do mosquito.<\/p>\n<p>\u00a0<\/p>\n<p>Em caso de chuva ou vento forte, a programa\u00e7\u00e3o poder\u00e1 ser alterada.<\/p>\n<p>\u00a0<\/p>\n<p>Cuidar da cidade come\u00e7a dentro de casa. Vamos juntos manter Botucatu protegida.<\/p>\n","protected":false},"excerpt":{"rendered":"A Vigil\u00e2ncia Ambiental em Sa\u00fade continua com a aplica\u00e7\u00e3o veicular de larvicida biol\u00f3gico em Botucatu como apoio no&hellip;\n","protected":false},"author":2,"featured_media":236054,"comment_status":"","ping_status":"","sticky":false,"template":"","format":"standard","meta":{"footnotes":"","_share_on_mastodon":"0"},"categories":[86],"tags":[34837,1300,116,5231,1133,32,3046,33,117],"class_list":["post-236053","post","type-post","status-publish","format-standard","has-post-thumbnail","category-saude","tag-botucatu","tag-cidade","tag-health","tag-municipal","tag-noticia","tag-portugal","tag-prefeitura","tag-pt","tag-saude"],"share_on_mastodon":{"url":"https:\/\/pubeurope.com\/@pt\/115924827022860354","error":""},"_links":{"self":[{"href":"https:\/\/www.europesays.com\/pt\/wp-json\/wp\/v2\/posts\/236053","targetHints":{"allow":["GET"]}}],"collection":[{"href":"https:\/\/www.europesays.com\/pt\/wp-json\/wp\/v2\/posts"}],"about":[{"href":"https:\/\/www.europesays.com\/pt\/wp-json\/wp\/v2\/types\/post"}],"author":[{"embeddable":true,"href":"https:\/\/www.europesays.com\/pt\/wp-json\/wp\/v2\/users\/2"}],"replies":[{"embeddable":true,"href":"https:\/\/www.europesays.com\/pt\/wp-json\/wp\/v2\/comments?post=236053"}],"version-history":[{"count":0,"href":"https:\/\/www.europesays.com\/pt\/wp-json\/wp\/v2\/posts\/236053\/revisions"}],"wp:featuredmedia":[{"embeddable":true,"href":"https:\/\/www.europesays.com\/pt\/wp-json\/wp\/v2\/media\/236054"}],"wp:attachment":[{"href":"https:\/\/www.europesays.com\/pt\/wp-json\/wp\/v2\/media?parent=236053"}],"wp:term":[{"taxonomy":"category","embeddable":true,"href":"https:\/\/www.europesays.com\/pt\/wp-json\/wp\/v2\/categories?post=236053"},{"taxonomy":"post_tag","embeddable":true,"href":"https:\/\/www.europesays.com\/pt\/wp-json\/wp\/v2\/tags?post=236053"}],"curies":[{"name":"wp","href":"https:\/\/api.w.org\/{rel}","templated":true}]}}