{"id":236231,"date":"2026-01-20T05:20:19","date_gmt":"2026-01-20T05:20:19","guid":{"rendered":"https:\/\/www.europesays.com\/pt\/236231\/"},"modified":"2026-01-20T05:20:19","modified_gmt":"2026-01-20T05:20:19","slug":"remo-inicia-negociacoes-pelo-guarda-redes-portugues-andre-moreira","status":"publish","type":"post","link":"https:\/\/www.europesays.com\/pt\/236231\/","title":{"rendered":"Remo inicia negocia\u00e7\u00f5es pelo guarda-redes portugu\u00eas Andr\u00e9 Moreira"},"content":{"rendered":"<p>&#8211; Advertisement &#8211;<\/p>\n<p>Andr\u00e9 Moreira est\u00e1 sem clube desde o final da temporada 2024\/25, altura em que terminou o contrato com o Al Saed. Segundo o jornalista Ven\u00ea Casagrande, o <a href=\"https:\/\/bolanarede.pt\/etiqueta\/remo\/\" target=\"_blank\" rel=\"noreferrer noopener nofollow\">Remo<\/a> j\u00e1 iniciou negocia\u00e7\u00f5es com o guardi\u00e3o de 31 anos.<\/p>\n<p>O portugu\u00eas passou pela Primeira Liga ao servi\u00e7o do Moreirense, Braga e Belenenses. O ponto alto da sua carreira veio em 2016 com a chegada ao Atl\u00e9tico Madrid por 350 mil euros.<\/p>\n<p>O Remo regressou esta temporada ao <a href=\"https:\/\/bolanarede.pt\/categoria\/internacional\/liga-brasileira\/\" rel=\"nofollow noopener\" target=\"_blank\">Brasileir\u00e3o<\/a> e arranca a campanha de 2026 no dia 28 de janeiro frente ao Vit\u00f3ria.<\/p>\n<blockquote class=\"twitter-tweet\" data-width=\"550\" data-dnt=\"true\">\n<p lang=\"pt\" dir=\"ltr\">O Remo negocia a contrata\u00e7\u00e3o do goleiro Andr\u00e9 Moreira e tem conversas adiantadas para fechar contrato de um ano.<\/p>\n<p>O portugu\u00eas de 30 anos est\u00e1 livre no mercado porque n\u00e3o renovou o v\u00ednculo com o Al-Raed, da Ar\u00e1bia Saudita.<\/p>\n<p>Andr\u00e9 Moreira tem passagens por GD Ribeir\u00e3o, Uni\u00e3o\u2026 <a href=\"https:\/\/t.co\/5l8JGbZkWV\" rel=\"nofollow\">pic.twitter.com\/5l8JGbZkWV<\/a><\/p>\n<p>\u2014 Ven\u00ea Casagrande (@venecasagrande) <a href=\"https:\/\/twitter.com\/venecasagrande\/status\/2012943467421241536?ref_src=twsrc%5Etfw\" rel=\"nofollow noopener\" target=\"_blank\">January 18, 2026<\/a><\/p><\/blockquote>\n<p><script async src=\"https:\/\/platform.twitter.com\/widgets.js\" charset=\"utf-8\"><\/script><\/p>\n","protected":false},"excerpt":{"rendered":"&#8211; Advertisement &#8211; Andr\u00e9 Moreira est\u00e1 sem clube desde o final da temporada 2024\/25, altura em que terminou&hellip;\n","protected":false},"author":2,"featured_media":236232,"comment_status":"","ping_status":"","sticky":false,"template":"","format":"standard","meta":{"footnotes":"","_share_on_mastodon":"0"},"categories":[87],"tags":[44883,260,1620,135,32,33,44884,134],"class_list":["post-236231","post","type-post","status-publish","format-standard","has-post-thumbnail","category-desporto","tag-andre-moreira","tag-atualidade","tag-brasileirao","tag-desporto","tag-portugal","tag-pt","tag-remo","tag-sports"],"share_on_mastodon":{"url":"https:\/\/pubeurope.com\/@pt\/115925747184743120","error":""},"_links":{"self":[{"href":"https:\/\/www.europesays.com\/pt\/wp-json\/wp\/v2\/posts\/236231","targetHints":{"allow":["GET"]}}],"collection":[{"href":"https:\/\/www.europesays.com\/pt\/wp-json\/wp\/v2\/posts"}],"about":[{"href":"https:\/\/www.europesays.com\/pt\/wp-json\/wp\/v2\/types\/post"}],"author":[{"embeddable":true,"href":"https:\/\/www.europesays.com\/pt\/wp-json\/wp\/v2\/users\/2"}],"replies":[{"embeddable":true,"href":"https:\/\/www.europesays.com\/pt\/wp-json\/wp\/v2\/comments?post=236231"}],"version-history":[{"count":0,"href":"https:\/\/www.europesays.com\/pt\/wp-json\/wp\/v2\/posts\/236231\/revisions"}],"wp:featuredmedia":[{"embeddable":true,"href":"https:\/\/www.europesays.com\/pt\/wp-json\/wp\/v2\/media\/236232"}],"wp:attachment":[{"href":"https:\/\/www.europesays.com\/pt\/wp-json\/wp\/v2\/media?parent=236231"}],"wp:term":[{"taxonomy":"category","embeddable":true,"href":"https:\/\/www.europesays.com\/pt\/wp-json\/wp\/v2\/categories?post=236231"},{"taxonomy":"post_tag","embeddable":true,"href":"https:\/\/www.europesays.com\/pt\/wp-json\/wp\/v2\/tags?post=236231"}],"curies":[{"name":"wp","href":"https:\/\/api.w.org\/{rel}","templated":true}]}}