{"id":236284,"date":"2026-01-20T06:24:08","date_gmt":"2026-01-20T06:24:08","guid":{"rendered":"https:\/\/www.europesays.com\/pt\/236284\/"},"modified":"2026-01-20T06:24:08","modified_gmt":"2026-01-20T06:24:08","slug":"caua-reymond-reflete-sobre-paternidade-e-brinca-pai-de-menina","status":"publish","type":"post","link":"https:\/\/www.europesays.com\/pt\/236284\/","title":{"rendered":"Cau\u00e3 Reymond reflete sobre paternidade e brinca: \u2018Pai de menina\u2019"},"content":{"rendered":"<p>O ator <a href=\"https:\/\/caras.com.br\/tags\/caua-reymond\" rel=\"nofollow noopener\" target=\"_blank\"><strong>Cau\u00e3 Reymond<\/strong><\/a>, int\u00e9rprete de C\u00e9sar no remake de Vale Tudo, passou o final de semana com sua filha, <strong>Sofia Massafera<\/strong> (13), fruto de seu antigo relacionamento com a atriz <strong>Grazi Massafera<\/strong>. No domingo, 18, o famoso compartilhou um momento descontra\u00eddo com a herdeira.<\/p>\n<p>No registro, o artista comentou sobre os \u201cperrengues\u201d de ser pai de menina, ap\u00f3s passear no shopping com a adolescente por horas. \u201cVim aqui fazer um depoimento que \u00e9 raro. Pai de menina\u201d, iniciou o famoso em seus stories.<\/p>\n<p>Cau\u00e3 logo foi interrompido pela jovem, que fingiu indigna\u00e7\u00e3o ao se deparar com o pai gravando um v\u00eddeo para \u201creclamar\u201d do passeio. \u201cOlha que eu gosto de malhar, treinar. Tudo, voc\u00eas sabem, rotina saud\u00e1vel. Mas ficar em p\u00e9 o dia inteiro\u2026 ela t\u00e1 ali, \u00f3\u2026 d\u00e1 uma dor na lombar. D\u00e1 uma dor na lombar. Mas t\u00e1 tudo bem, fa\u00e7o com muito amor, muito carinho\u201d, completou o famoso.<\/p>\n<p>Em meio a risadas, o artista declarou que adora passar um tempo com a jovem e que faz tudo por amor. \u201cMas esse rol\u00ea de ficar andando, comprando coisa, olhando, olhando o pre\u00e7o\u2026 vou te falar: \u00e9 muito amor. Muito amor. Vamos l\u00e1. Eu amo muito. Vamos l\u00e1\u201d, revelou Cau\u00e3 Reymond.<\/p>\n<p>Cau\u00e3 Reymond e seu relacionamento com Sofia Massafera<\/p>\n<p>Um dos pontos mais elogiados pelos f\u00e3s e pela imprensa especializada \u00e9 a forma como Cau\u00e3 Reymond e Grazi Massafera conduzem a educa\u00e7\u00e3o de Sofia. Mesmo separados desde 2013, os atores mant\u00eam uma amizade s\u00f3lida e um respeito m\u00fatuo que prioriza o bem estar da jovem.<\/p>\n<p>\u00c9 comum ver Cau\u00e3 e Grazi juntos em apresenta\u00e7\u00f5es escolares, festas de anivers\u00e1rio e momentos importantes de Sofia. O ex-casal faz quest\u00e3o de alinhar discursos e limites, garantindo que a adolescente se sinta segura em ambos os lares. A harmonia entre eles facilita a rotina de Sofia, que transita livremente entre as casas dos pais sem conflitos.<\/p>\n<p><strong>Leia tamb\u00e9m:\u00a0<\/strong><a href=\"https:\/\/caras.com.br\/atualidades\/caua-reymond-reflete-sobre-namoros-da-filha-adolescente-o-que-ela.phtml\" rel=\"nofollow noopener\" target=\"_blank\">Cau\u00e3 Reymond reflete sobre namoros da filha adolescente: \u201cO que ela\u201d<\/a><\/p>\n<p>        <a href=\"https:\/\/caras.com.br\/autor\/giovanna-f-campos\" rel=\"nofollow noopener\" target=\"_blank\">&#13;<br \/>\n          <img loading=\"lazy\" decoding=\"async\" alt=\"Giovanna F Campos\" src=\"https:\/\/www.europesays.com\/pt\/wp-content\/uploads\/2025\/09\/1758588909_721_525986578_1657136028311574_5510063872310493577_n-150x150.jpg\" class=\"avatar avatar-115 photo rounded-circle\" height=\"115\" width=\"115\"\/>        <\/a><\/p>\n<p>Giovanna F Campos \u00e9 estudante de jornalismo pela Faculdade C\u00e1sper L\u00edbero, apaixonada por entretenimento e literatura.<\/p>\n","protected":false},"excerpt":{"rendered":"O ator Cau\u00e3 Reymond, int\u00e9rprete de C\u00e9sar no remake de Vale Tudo, passou o final de semana com&hellip;\n","protected":false},"author":2,"featured_media":236285,"comment_status":"","ping_status":"","sticky":false,"template":"","format":"standard","meta":{"footnotes":"","_share_on_mastodon":"0"},"categories":[145],"tags":[1939,211,210,114,115,981,44890,1038,32,33,44891],"class_list":["post-236284","post","type-post","status-publish","format-standard","has-post-thumbnail","category-celebridades","tag-caua-reymond","tag-celebridades","tag-celebrities","tag-entertainment","tag-entretenimento","tag-familia","tag-filha-de-caua-reymond-e-grazi-massafera","tag-paternidade","tag-portugal","tag-pt","tag-sofia-massafera"],"share_on_mastodon":{"url":"https:\/\/pubeurope.com\/@pt\/115925998815163770","error":""},"_links":{"self":[{"href":"https:\/\/www.europesays.com\/pt\/wp-json\/wp\/v2\/posts\/236284","targetHints":{"allow":["GET"]}}],"collection":[{"href":"https:\/\/www.europesays.com\/pt\/wp-json\/wp\/v2\/posts"}],"about":[{"href":"https:\/\/www.europesays.com\/pt\/wp-json\/wp\/v2\/types\/post"}],"author":[{"embeddable":true,"href":"https:\/\/www.europesays.com\/pt\/wp-json\/wp\/v2\/users\/2"}],"replies":[{"embeddable":true,"href":"https:\/\/www.europesays.com\/pt\/wp-json\/wp\/v2\/comments?post=236284"}],"version-history":[{"count":0,"href":"https:\/\/www.europesays.com\/pt\/wp-json\/wp\/v2\/posts\/236284\/revisions"}],"wp:featuredmedia":[{"embeddable":true,"href":"https:\/\/www.europesays.com\/pt\/wp-json\/wp\/v2\/media\/236285"}],"wp:attachment":[{"href":"https:\/\/www.europesays.com\/pt\/wp-json\/wp\/v2\/media?parent=236284"}],"wp:term":[{"taxonomy":"category","embeddable":true,"href":"https:\/\/www.europesays.com\/pt\/wp-json\/wp\/v2\/categories?post=236284"},{"taxonomy":"post_tag","embeddable":true,"href":"https:\/\/www.europesays.com\/pt\/wp-json\/wp\/v2\/tags?post=236284"}],"curies":[{"name":"wp","href":"https:\/\/api.w.org\/{rel}","templated":true}]}}