{"id":237078,"date":"2026-01-20T19:17:31","date_gmt":"2026-01-20T19:17:31","guid":{"rendered":"https:\/\/www.europesays.com\/pt\/237078\/"},"modified":"2026-01-20T19:17:31","modified_gmt":"2026-01-20T19:17:31","slug":"bia-arantes-e-oficialmente-confirmada-no-elenco-da-serie-r7-entretenimento","status":"publish","type":"post","link":"https:\/\/www.europesays.com\/pt\/237078\/","title":{"rendered":"Bia Arantes \u00e9 oficialmente confirmada no elenco da s\u00e9rie \u2013 R7 Entretenimento"},"content":{"rendered":"<p><img decoding=\"async\" data-chromatic=\"ignore\" alt=\"\" class=\"c-image\" loading=\"lazy\" src=\"https:\/\/www.europesays.com\/pt\/wp-content\/uploads\/2026\/01\/PFEA6MYXRNDXXLZAGFLRXAERPM.png\"  width=\"677\" height=\"369\"\/>Bia Arantes vai interpretar Ester em Ben-Hur Reprodu\u00e7\u00e3o\/Instagram <\/p>\n<p class=\"jarvics:base-text-neutral-high-400 xovem:base-text-dark-high-400 base-text-[calc(theme(fontSize.xs)_*_var(--font-size,_1))] base-font-normal base-font-primary base-text-neutral-low-500 base-text-left\"><a href=\"https:\/\/www.univervideo.com\/blog\/post\/bia-arantes-e-oficialmente-confirmada-no-elenco-de-ben-hur\" target=\"_blank\" rel=\"noreferrer nofollow noopener\" title=\"https:\/\/www.univervideo.com\/blog\/post\/bia-arantes-e-oficialmente-confirmada-no-elenco-de-ben-hur\"><b>Bia Arantes est\u00e1 no elenco<\/b><\/a> de <a href=\"https:\/\/entretenimento.r7.com\/famosos-e-tv\/ben-hur\/\" target=\"_blank\" rel=\"noreferrer nofollow noopener\" title=\"https:\/\/entretenimento.r7.com\/famosos-e-tv\/ben-hur\/\"><b>Ben-Hur<\/b><\/a>. Na superprodu\u00e7\u00e3o, escrita por Cristiane Cardoso e dirigida por Leonardo Miranda, a atriz dar\u00e1 vida a Ester, protagonista da trama. <\/p>\n<p class=\"jarvics:base-text-neutral-high-400 xovem:base-text-dark-high-400 base-text-[calc(theme(fontSize.xs)_*_var(--font-size,_1))] base-font-normal base-font-primary base-text-neutral-low-500 base-text-left\">Ester \u00e9 uma escrava judia fundamental na trajet\u00f3ria do pr\u00edncipe Jud\u00e1 Ben-Hur (Vin\u00edcius Redd).<\/p>\n<p class=\"jarvics:base-text-neutral-high-400 xovem:base-text-dark-high-400 base-text-[calc(theme(fontSize.xs)_*_var(--font-size,_1))] base-font-normal base-font-primary base-text-neutral-low-500 base-text-left\">Mineira de 32 anos, Bia fez seu primeiro trabalho na TV ainda em 2009. Na telona, a atriz j\u00e1 participou de grandes projetos cinematogr\u00e1ficos, com destaque para os longas A Historia Delas (2023) e Perdida (2023).<\/p>\n<p class=\"jarvics:base-text-neutral-high-400 xovem:base-text-dark-high-400 base-text-[calc(theme(fontSize.xs)_*_var(--font-size,_1))] base-font-normal base-font-primary base-text-neutral-low-500 base-text-left\">Ben-Hur \u00e9 uma supers\u00e9rie da <a href=\"https:\/\/www.seriella.com\/\" target=\"_blank\" rel=\"noreferrer nofollow noopener\" title=\"https:\/\/www.seriella.com\/\"><b>Seriella Productions<\/b><\/a> com 50 epis\u00f3dios, que j\u00e1 est\u00e1 em fase de grava\u00e7\u00e3o e tem previs\u00e3o de estreia mundial para setembro.<\/p>\n<p class=\"jarvics:base-text-neutral-high-400 xovem:base-text-dark-high-400 base-text-[calc(theme(fontSize.xs)_*_var(--font-size,_1))] base-font-normal base-font-primary base-text-neutral-low-500 base-text-left\"><b>Confira o an\u00fancio nas redes sociais:<\/b><\/p>\n<p class=\"jarvics:base-text-neutral-high-400 xovem:base-text-dark-high-400 base-text-[calc(theme(fontSize.xs)_*_var(--font-size,_1))] base-font-normal base-font-primary base-text-neutral-low-500 base-text-left\">A superprodu\u00e7\u00e3o\u00a0<a href=\"https:\/\/entretenimento.r7.com\/famosos-e-tv\/ben-hur\/\" rel=\"nofollow noopener\" title=\"https:\/\/entretenimento.r7.com\/famosos-e-tv\/ben-hur\/\" target=\"_blank\"><b>Ben-Hur<\/b><\/a>\u00a0\u00e9 escrita por Cristiane Cardoso e tem estreia prevista para este ano no\u00a0<a href=\"https:\/\/www.univervideo.com\/\" rel=\"nofollow noopener\" title=\"https:\/\/www.univervideo.com\/\" target=\"_blank\"><b>Univer V\u00eddeo.<\/b><\/a><\/p>\n","protected":false},"excerpt":{"rendered":"Bia Arantes vai interpretar Ester em Ben-Hur Reprodu\u00e7\u00e3o\/Instagram Bia Arantes est\u00e1 no elenco de Ben-Hur. Na superprodu\u00e7\u00e3o, escrita&hellip;\n","protected":false},"author":2,"featured_media":237079,"comment_status":"","ping_status":"","sticky":false,"template":"","format":"standard","meta":{"footnotes":"","_share_on_mastodon":"0"},"categories":[142],"tags":[37733,114,115,32,33,151],"class_list":["post-237078","post","type-post","status-publish","format-standard","has-post-thumbnail","category-tv","tag-ben-hur","tag-entertainment","tag-entretenimento","tag-portugal","tag-pt","tag-tv"],"share_on_mastodon":{"url":"https:\/\/pubeurope.com\/@pt\/115929038400013203","error":""},"_links":{"self":[{"href":"https:\/\/www.europesays.com\/pt\/wp-json\/wp\/v2\/posts\/237078","targetHints":{"allow":["GET"]}}],"collection":[{"href":"https:\/\/www.europesays.com\/pt\/wp-json\/wp\/v2\/posts"}],"about":[{"href":"https:\/\/www.europesays.com\/pt\/wp-json\/wp\/v2\/types\/post"}],"author":[{"embeddable":true,"href":"https:\/\/www.europesays.com\/pt\/wp-json\/wp\/v2\/users\/2"}],"replies":[{"embeddable":true,"href":"https:\/\/www.europesays.com\/pt\/wp-json\/wp\/v2\/comments?post=237078"}],"version-history":[{"count":0,"href":"https:\/\/www.europesays.com\/pt\/wp-json\/wp\/v2\/posts\/237078\/revisions"}],"wp:featuredmedia":[{"embeddable":true,"href":"https:\/\/www.europesays.com\/pt\/wp-json\/wp\/v2\/media\/237079"}],"wp:attachment":[{"href":"https:\/\/www.europesays.com\/pt\/wp-json\/wp\/v2\/media?parent=237078"}],"wp:term":[{"taxonomy":"category","embeddable":true,"href":"https:\/\/www.europesays.com\/pt\/wp-json\/wp\/v2\/categories?post=237078"},{"taxonomy":"post_tag","embeddable":true,"href":"https:\/\/www.europesays.com\/pt\/wp-json\/wp\/v2\/tags?post=237078"}],"curies":[{"name":"wp","href":"https:\/\/api.w.org\/{rel}","templated":true}]}}