{"id":23753,"date":"2025-08-10T17:09:15","date_gmt":"2025-08-10T17:09:15","guid":{"rendered":"https:\/\/www.europesays.com\/pt\/23753\/"},"modified":"2025-08-10T17:09:15","modified_gmt":"2025-08-10T17:09:15","slug":"a-reacao-de-viktor-gyokeres-ao-golo-de-francisco-trincao-no-casa-pia-x-sporting","status":"publish","type":"post","link":"https:\/\/www.europesays.com\/pt\/23753\/","title":{"rendered":"A rea\u00e7\u00e3o de Viktor Gyokeres ao golo de Francisco Trinc\u00e3o no Casa Pia x Sporting"},"content":{"rendered":"<p><strong>Viktor Gyokeres reagiu nas redes sociais ao golo de Francisco Trinc\u00e3o. O avan\u00e7ado sueco deixou um coment\u00e1rio no perfil do avan\u00e7ado internacional portugu\u00eas.<\/strong><\/p>\n<p>Viktor Gyokeres continua atento ao Sporting e deixou um coment\u00e1rio para Francisco Trinc\u00e3o. Na publica\u00e7\u00e3o do avan\u00e7ado internacional portugu\u00eas, que <a href=\"https:\/\/bolanarede.pt\/especial-bola-na-rede\/atualidade\/francisco-trincao-marca-o-1o-golo-da-primeira-liga-2025-26-e-adianta-o-sporting-contra-o-casa-pia\/\" target=\"_blank\" rel=\"noreferrer noopener nofollow\">ilustrou o golo dos le\u00f5es frente ao Casa Pia<\/a>, o avan\u00e7ado do Arsenal deixou dois emojis nos coment\u00e1rios.<\/p>\n<p>Viktor Gyokeres trocou o Sporting pelo Arsenal neste mercado de transfer\u00eancias, numa das novelas mais intensas do ver\u00e3o.<\/p>\n<p><strong>V\u00ea em baixo o coment\u00e1rio do avan\u00e7ado internacional sueco:<\/strong><\/p>\n<p><img fetchpriority=\"high\" decoding=\"async\" width=\"1024\" height=\"497\" src=\"data:image\/svg+xml,%3Csvg%20xmlns=\" http:=\"\" alt=\"Trinc\u00e3o Gyokeres\" class=\"wp-image-424333 ewww_webp_lazy_load\" data-lazy- data-lazy- data-lazy-src=\"https:\/\/www.europesays.com\/pt\/wp-content\/uploads\/2025\/08\/Trincao-Gyokeres-1024x497.jpg\" data-lazy-src-webp=\"https:\/\/www.europesays.com\/pt\/wp-content\/uploads\/2025\/08\/Trincao-Gyokeres-1024x497.jpg.webp\" data-lazy-srcset-webp=\"https:\/\/www.europesays.com\/pt\/wp-content\/uploads\/2025\/08\/Trincao-Gyokeres-1024x497.jpg.webp 1024w, https:\/\/binny-bolanarede.b-cdn.net\/wp-content\/uploads\/2025\/08\/Trincao-Gyokeres-300x146.jpg.webp 300w, https:\/\/binny-bolanarede.b-cdn.net\/wp-content\/uploads\/2025\/08\/Trincao-Gyokeres-768x373.jpg.webp 768w, https:\/\/binny-bolanarede.b-cdn.net\/wp-content\/uploads\/2025\/08\/Trincao-Gyokeres-1536x746.jpg.webp 1536w, https:\/\/binny-bolanarede.b-cdn.net\/wp-content\/uploads\/2025\/08\/Trincao-Gyokeres-150x73.jpg.webp 150w, https:\/\/binny-bolanarede.b-cdn.net\/wp-content\/uploads\/2025\/08\/Trincao-Gyokeres-696x338.jpg.webp 696w, https:\/\/binny-bolanarede.b-cdn.net\/wp-content\/uploads\/2025\/08\/Trincao-Gyokeres-1068x519.jpg.webp 1068w, https:\/\/binny-bolanarede.b-cdn.net\/wp-content\/uploads\/2025\/08\/Trincao-Gyokeres.jpg.webp 1902w\"\/>Fonte: Instagram<\/p>\n","protected":false},"excerpt":{"rendered":"Viktor Gyokeres reagiu nas redes sociais ao golo de Francisco Trinc\u00e3o. O avan\u00e7ado sueco deixou um coment\u00e1rio no&hellip;\n","protected":false},"author":2,"featured_media":23754,"comment_status":"","ping_status":"","sticky":false,"template":"","format":"standard","meta":{"footnotes":""},"categories":[87],"tags":[260,135,8318,32,479,33,134,1355],"class_list":{"0":"post-23753","1":"post","2":"type-post","3":"status-publish","4":"format-standard","5":"has-post-thumbnail","7":"category-desporto","8":"tag-atualidade","9":"tag-desporto","10":"tag-francisco-trincao","11":"tag-portugal","12":"tag-primeira-liga","13":"tag-pt","14":"tag-sports","15":"tag-viktor-gyokeres"},"share_on_mastodon":{"url":"","error":""},"_links":{"self":[{"href":"https:\/\/www.europesays.com\/pt\/wp-json\/wp\/v2\/posts\/23753","targetHints":{"allow":["GET"]}}],"collection":[{"href":"https:\/\/www.europesays.com\/pt\/wp-json\/wp\/v2\/posts"}],"about":[{"href":"https:\/\/www.europesays.com\/pt\/wp-json\/wp\/v2\/types\/post"}],"author":[{"embeddable":true,"href":"https:\/\/www.europesays.com\/pt\/wp-json\/wp\/v2\/users\/2"}],"replies":[{"embeddable":true,"href":"https:\/\/www.europesays.com\/pt\/wp-json\/wp\/v2\/comments?post=23753"}],"version-history":[{"count":0,"href":"https:\/\/www.europesays.com\/pt\/wp-json\/wp\/v2\/posts\/23753\/revisions"}],"wp:featuredmedia":[{"embeddable":true,"href":"https:\/\/www.europesays.com\/pt\/wp-json\/wp\/v2\/media\/23754"}],"wp:attachment":[{"href":"https:\/\/www.europesays.com\/pt\/wp-json\/wp\/v2\/media?parent=23753"}],"wp:term":[{"taxonomy":"category","embeddable":true,"href":"https:\/\/www.europesays.com\/pt\/wp-json\/wp\/v2\/categories?post=23753"},{"taxonomy":"post_tag","embeddable":true,"href":"https:\/\/www.europesays.com\/pt\/wp-json\/wp\/v2\/tags?post=23753"}],"curies":[{"name":"wp","href":"https:\/\/api.w.org\/{rel}","templated":true}]}}