{"id":23763,"date":"2025-08-10T17:21:20","date_gmt":"2025-08-10T17:21:20","guid":{"rendered":"https:\/\/www.europesays.com\/pt\/23763\/"},"modified":"2025-08-10T17:21:20","modified_gmt":"2025-08-10T17:21:20","slug":"regina-case-se-despede-de-arlindo-cruz-um-dos-maiores-artistas","status":"publish","type":"post","link":"https:\/\/www.europesays.com\/pt\/23763\/","title":{"rendered":"Regina Cas\u00e9 se despede de Arlindo Cruz: Um dos maiores artistas"},"content":{"rendered":"<p class=\"bullet mt-0\" data-v-232111b4=\"\"><strong>Regina Cas\u00e9 considera o repert\u00f3rio musical de Arlindo um marco. <\/strong>&#8220;Eu vim ouvindo no carro as m\u00fasicas dele. Cada m\u00fasica que entrava, eu falava: &#8220;Essa \u00e9 a m\u00fasica mais linda que ele tem.&#8221; A\u00ed vinha outra e eu dizia: &#8220;N\u00e3o, essa que \u00e9.&#8221; \u00c9 uma coisa maravilhosa. N\u00e3o \u00e9 nem um legado, \u00e9 algo que d\u00e1 para a gente ouvir em looping a vida inteira.&#8221;<\/p>\n<p class=\"bullet\" data-v-232111b4=\"\"><strong>Ela e o artista eram grandes amigos. <\/strong>&#8220;Para mim, a falta \u00e9 enorme porque o Arlindo sempre foi um amigo muito amoroso, carinhoso comigo e com meus filhos. A gente aproveitou muito, se divertiu muito, fez muita festa e fez sete anos de Esquenta!, que ele dizia, e eu repito, foi o per\u00edodo mais feliz da vida da gente.&#8221;<\/p>\n<p class=\"bullet\" data-v-232111b4=\"\">Era um trabalho que era como se sempre fosse anivers\u00e1rio meu ou dele ali. Era uma festa. Era uma coisa para fora, para a TV, mas era muito \u00edntima\u2026 parecia que era na casa da gente. <strong>Regina Cas\u00e9, apresentadora <\/strong><\/p>\n","protected":false},"excerpt":{"rendered":"Regina Cas\u00e9 considera o repert\u00f3rio musical de Arlindo um marco. &#8220;Eu vim ouvindo no carro as m\u00fasicas dele.&hellip;\n","protected":false},"author":2,"featured_media":23764,"comment_status":"","ping_status":"","sticky":false,"template":"","format":"standard","meta":{"footnotes":""},"categories":[141],"tags":[114,115,149,150,32,33],"class_list":{"0":"post-23763","1":"post","2":"type-post","3":"status-publish","4":"format-standard","5":"has-post-thumbnail","7":"category-musica","8":"tag-entertainment","9":"tag-entretenimento","10":"tag-music","11":"tag-musica","12":"tag-portugal","13":"tag-pt"},"share_on_mastodon":{"url":"","error":""},"_links":{"self":[{"href":"https:\/\/www.europesays.com\/pt\/wp-json\/wp\/v2\/posts\/23763","targetHints":{"allow":["GET"]}}],"collection":[{"href":"https:\/\/www.europesays.com\/pt\/wp-json\/wp\/v2\/posts"}],"about":[{"href":"https:\/\/www.europesays.com\/pt\/wp-json\/wp\/v2\/types\/post"}],"author":[{"embeddable":true,"href":"https:\/\/www.europesays.com\/pt\/wp-json\/wp\/v2\/users\/2"}],"replies":[{"embeddable":true,"href":"https:\/\/www.europesays.com\/pt\/wp-json\/wp\/v2\/comments?post=23763"}],"version-history":[{"count":0,"href":"https:\/\/www.europesays.com\/pt\/wp-json\/wp\/v2\/posts\/23763\/revisions"}],"wp:featuredmedia":[{"embeddable":true,"href":"https:\/\/www.europesays.com\/pt\/wp-json\/wp\/v2\/media\/23764"}],"wp:attachment":[{"href":"https:\/\/www.europesays.com\/pt\/wp-json\/wp\/v2\/media?parent=23763"}],"wp:term":[{"taxonomy":"category","embeddable":true,"href":"https:\/\/www.europesays.com\/pt\/wp-json\/wp\/v2\/categories?post=23763"},{"taxonomy":"post_tag","embeddable":true,"href":"https:\/\/www.europesays.com\/pt\/wp-json\/wp\/v2\/tags?post=23763"}],"curies":[{"name":"wp","href":"https:\/\/api.w.org\/{rel}","templated":true}]}}