{"id":237668,"date":"2026-01-21T04:40:07","date_gmt":"2026-01-21T04:40:07","guid":{"rendered":"https:\/\/www.europesays.com\/pt\/237668\/"},"modified":"2026-01-21T04:40:07","modified_gmt":"2026-01-21T04:40:07","slug":"superman-roteiro-revela-referencia-cortada-ao-arqueiro-verde-e-star-city","status":"publish","type":"post","link":"https:\/\/www.europesays.com\/pt\/237668\/","title":{"rendered":"Superman | Roteiro revela refer\u00eancia cortada ao Arqueiro Verde e Star City"},"content":{"rendered":"<p class=\"wp-block-yoast-seo-estimated-reading-time yoast-reading-time__wrapper\">Estimated reading time: 3 minutos<\/p>\n<p>A recente divulga\u00e7\u00e3o do roteiro oficial de <a href=\"https:\/\/ovicio.com.br\/tag\/superman\/\" rel=\"nofollow noopener\" target=\"_blank\">Superman<\/a>, feita pelo pr\u00f3prio diretor e roteirista <a href=\"https:\/\/ovicio.com.br\/tag\/james-gunn\/\" rel=\"nofollow noopener\" target=\"_blank\">James Gunn<\/a>, trouxe \u00e0 tona detalhes fascinantes que acabaram ficando de fora do corte final. Entre as mudan\u00e7as mais not\u00e1veis, os f\u00e3s descobriram que o filme originalmente contaria com uma refer\u00eancia direta ao universo do <strong>Arqueiro Verde<\/strong>, expandindo o escopo do novo <a href=\"https:\/\/ovicio.com.br\/tag\/dcu\/\" rel=\"nofollow noopener\" target=\"_blank\">DCU<\/a> logo em sua estreia.<\/p>\n<p>A cena em quest\u00e3o ocorre durante um momento de alta tens\u00e3o, quando <strong>Rick Flag Sr.<\/strong>, interpretado por <strong>Frank Grillo<\/strong>, aparece para efetuar a pris\u00e3o do Homem de A\u00e7o. Acompanhado pelos aliados de <strong>Lex Luthor<\/strong>, como <strong>Ultraman<\/strong> e a <strong>Engenheira<\/strong>, o militar teria um di\u00e1logo que revelaria uma conex\u00e3o pr\u00e9via e respeitosa com o her\u00f3i.<\/p>\n<p>O di\u00e1logo removido e a conex\u00e3o com Star City<img fetchpriority=\"high\" decoding=\"async\" width=\"1024\" height=\"576\" src=\"https:\/\/www.europesays.com\/pt\/wp-content\/uploads\/2026\/01\/20260120-superman-2025-frank-grillo-mcu-connection-1024x576.webp.webp\" alt=\"Superman sendo preso no filme de James Gunn\" class=\"lazyload wp-image-896672\" style=\"aspect-ratio:16\/9;object-fit:cover\"  data-\/>Reprodu\u00e7\u00e3o: DC Studios<\/p>\n<p>No texto original escrito por <strong>Gunn<\/strong>, <strong>Flag Sr.<\/strong> n\u00e3o seria apenas um antagonista cumprindo ordens, mas algu\u00e9m que reconhecia o valor das a\u00e7\u00f5es do protagonista. Antes de levar o her\u00f3i sob cust\u00f3dia, ele diria: <strong>&#8220;Eu estava em Star City quando voc\u00ea salvou aquelas pessoas da inunda\u00e7\u00e3o. Sinto muito que isso esteja acontecendo&#8221;<\/strong>.<\/p>\n<p>Essa frase carrega um peso significativo por dois motivos. Primeiramente, ela cita nominalmente <strong>Star City<\/strong>, a cidade base de <strong>Oliver Queen<\/strong>, o <strong>Arqueiro Verde<\/strong>, confirmando que o <strong>Superman<\/strong> j\u00e1 atuou em diversas localidades deste universo. Em segundo lugar, a fala humanizaria o personagem de <strong>Frank Grillo<\/strong>, demonstrando que, apesar de estar em lados opostos naquele momento, ele lamentava a situa\u00e7\u00e3o por j\u00e1 ter testemunhado o altru\u00edsmo do kryptoniano.<\/p>\n<p>Disponibilidade e o futuro do DCU<img loading=\"lazy\" decoding=\"async\" width=\"1024\" height=\"576\" src=\"https:\/\/www.europesays.com\/pt\/wp-content\/uploads\/2026\/01\/20251227-arqueiro-verde-dc-comics.jpg\" alt=\"Arqueiro Verde Supermax: Saiba como seria o filme jamais feito do her\u00f3i\" class=\"lazyload wp-image-882641\" style=\"aspect-ratio:16\/9;object-fit:cover\"  data-\/>Reprodu\u00e7\u00e3o\/DC Comics<\/p>\n<p>Embora a intera\u00e7\u00e3o tenha sido removida da vers\u00e3o cinematogr\u00e1fica, a divulga\u00e7\u00e3o do roteiro refor\u00e7a a constru\u00e7\u00e3o de mundo meticulosa que <strong>James Gunn<\/strong> est\u00e1 implementando na <strong>DC Studios<\/strong>. A exclus\u00e3o do di\u00e1logo pode ter ocorrido por quest\u00f5es de ritmo ou para manter o foco narrativo mais contido, mas a exist\u00eancia da cena no papel prova que as conex\u00f5es entre os her\u00f3is j\u00e1 est\u00e3o estabelecidas nos bastidores.<\/p>\n<p>Para os f\u00e3s que desejam conferir a vers\u00e3o final da obra e comparar com as informa\u00e7\u00f5es do roteiro, <strong>Superman<\/strong> j\u00e1 est\u00e1 dispon\u00edvel no cat\u00e1logo da plataforma de streaming <strong>HBO Max<\/strong>.<\/p>\n<p>Leia tamb\u00e9m sobre Superman:<\/p>\n","protected":false},"excerpt":{"rendered":"Estimated reading time: 3 minutos A recente divulga\u00e7\u00e3o do roteiro oficial de Superman, feita pelo pr\u00f3prio diretor e&hellip;\n","protected":false},"author":2,"featured_media":237669,"comment_status":"","ping_status":"","sticky":false,"template":"","format":"standard","meta":{"footnotes":"","_share_on_mastodon":"0"},"categories":[140],"tags":[12957,114,115,147,148,7320,146,32,33,1248],"class_list":["post-237668","post","type-post","status-publish","format-standard","has-post-thumbnail","category-filmes","tag-arqueiro-verde","tag-entertainment","tag-entretenimento","tag-film","tag-filmes","tag-james-gunn","tag-movies","tag-portugal","tag-pt","tag-superman"],"share_on_mastodon":{"url":"https:\/\/pubeurope.com\/@pt\/115931252256332338","error":""},"_links":{"self":[{"href":"https:\/\/www.europesays.com\/pt\/wp-json\/wp\/v2\/posts\/237668","targetHints":{"allow":["GET"]}}],"collection":[{"href":"https:\/\/www.europesays.com\/pt\/wp-json\/wp\/v2\/posts"}],"about":[{"href":"https:\/\/www.europesays.com\/pt\/wp-json\/wp\/v2\/types\/post"}],"author":[{"embeddable":true,"href":"https:\/\/www.europesays.com\/pt\/wp-json\/wp\/v2\/users\/2"}],"replies":[{"embeddable":true,"href":"https:\/\/www.europesays.com\/pt\/wp-json\/wp\/v2\/comments?post=237668"}],"version-history":[{"count":0,"href":"https:\/\/www.europesays.com\/pt\/wp-json\/wp\/v2\/posts\/237668\/revisions"}],"wp:featuredmedia":[{"embeddable":true,"href":"https:\/\/www.europesays.com\/pt\/wp-json\/wp\/v2\/media\/237669"}],"wp:attachment":[{"href":"https:\/\/www.europesays.com\/pt\/wp-json\/wp\/v2\/media?parent=237668"}],"wp:term":[{"taxonomy":"category","embeddable":true,"href":"https:\/\/www.europesays.com\/pt\/wp-json\/wp\/v2\/categories?post=237668"},{"taxonomy":"post_tag","embeddable":true,"href":"https:\/\/www.europesays.com\/pt\/wp-json\/wp\/v2\/tags?post=237668"}],"curies":[{"name":"wp","href":"https:\/\/api.w.org\/{rel}","templated":true}]}}