{"id":237955,"date":"2026-01-21T11:16:07","date_gmt":"2026-01-21T11:16:07","guid":{"rendered":"https:\/\/www.europesays.com\/pt\/237955\/"},"modified":"2026-01-21T11:16:07","modified_gmt":"2026-01-21T11:16:07","slug":"roger-waters-teme-pela-sua-seguranca-nos-eua-e-admite-mudar-se-para-portugal","status":"publish","type":"post","link":"https:\/\/www.europesays.com\/pt\/237955\/","title":{"rendered":"Roger Waters teme pela sua seguran\u00e7a nos EUA e admite mudar-se para Portugal"},"content":{"rendered":"<p data-remotead-prev-elm=\"true\" data-remotead-elm-id=\"inread\">Roger Waters revelou temer pela sua seguran\u00e7a pessoal nos Estados Unidos devido \u00e0s posi\u00e7\u00f5es p\u00fablicas que tem assumido contra o presidente Donald Trump. Em entrevista ao apresentador Piers Morgan, o m\u00fasico brit\u00e2nico, de 82 anos, afirmou acreditar que a sua oposi\u00e7\u00e3o ao presidente norte-americano o pode colocar em risco.<\/p>\n<p>&#8220;Ele poderia mandar homens mascarados para atirar em mim na cabe\u00e7a atrav\u00e9s da janela do meu carro, como faz com pessoas que discordam dele&#8221;, declarou Waters, classificando Trump como &#8220;maligno&#8221; e &#8220;demente&#8221;, num discurso marcado pela inquieta\u00e7\u00e3o e pela desconfian\u00e7a em rela\u00e7\u00e3o ao poder pol\u00edtico.<\/p>\n<p>O co-fundador dos Pink Floyd admitiu tamb\u00e9m que a sua autoriza\u00e7\u00e3o de resid\u00eancia pode n\u00e3o se manter. &#8220;Pode ser que a minha resid\u00eancia nos Estados Unidos n\u00e3o dure o resto da minha vida. Pode muito bem ser que Donald e a sua cabala tomem essa decis\u00e3o por mim, porque ele \u00e9 bem err\u00e1tico&#8221;, afirmou, deixando claro que j\u00e1 pondera um futuro fora do pa\u00eds.<\/p>\n<p>Clima de medo na Am\u00e9rica<\/p>\n<p data-remotead-prev-elm=\"true\" data-remotead-elm-id=\"centro1\">Perante esse cen\u00e1rio, Roger Waters confessou j\u00e1 ter equacionado mudar-se para outros destinos. &#8220;Prometo-lhe que j\u00e1 pensei em alternativas. Portugal \u00e9 uma possibilidade. Tamb\u00e9m gosto de algumas ilhas nas Cara\u00edbas e dos governos que elas t\u00eam&#8221;, revelou, explicando que procura um lugar onde possa viver com maior tranquilidade e seguran\u00e7a.<\/p>\n<p>Durante a entrevista, o m\u00fasico voltou a referir o Servi\u00e7o de Imigra\u00e7\u00e3o e Alf\u00e2ndega dos Estados Unidos, evocando a morte de Nicole Renee Good, ocorrida a 7 de janeiro, \u00e0s m\u00e3os de um agente daquela entidade. &#8220;H\u00e1 o ICE, pode mandar homens mascarados para me darem um tiro na cabe\u00e7a atrav\u00e9s da janela de um autom\u00f3vel, como faz com pessoas que discordam dele&#8221;, repetiu..<\/p>\n<p>Conhecido por ser uma das vozes mais cr\u00edticas de Donald Trump no meio art\u00edstico, Waters voltou ainda a condenar a\u00e7\u00f5es recentes ordenadas pelo presidente dos Estados Unidos noutros pa\u00edses, como a Venezuela e o Ir\u00e3o. Questionado por Piers Morgan sobre a raz\u00e3o de continuar a viver num pa\u00eds cujo l\u00edder critica duramente, respondeu com um retrato sombrio do presente: &#8220;Vivemos num mundo muito perigoso e lixado. Encontrar um bom s\u00edtio para viver \u00e9 dif\u00edcil.&#8221;<\/p>\n","protected":false},"excerpt":{"rendered":"Roger Waters revelou temer pela sua seguran\u00e7a pessoal nos Estados Unidos devido \u00e0s posi\u00e7\u00f5es p\u00fablicas que tem assumido&hellip;\n","protected":false},"author":2,"featured_media":237956,"comment_status":"","ping_status":"","sticky":false,"template":"","format":"standard","meta":{"footnotes":"","_share_on_mastodon":"0"},"categories":[85],"tags":[92,114,115,413,17541,30833,32,33,9203],"class_list":["post-237955","post","type-post","status-publish","format-standard","has-post-thumbnail","category-entretenimento","tag-donald-trump","tag-entertainment","tag-entretenimento","tag-eua","tag-ice","tag-piers-morgan","tag-portugal","tag-pt","tag-roger-waters"],"share_on_mastodon":{"url":"https:\/\/pubeurope.com\/@pt\/115932809277228575","error":""},"_links":{"self":[{"href":"https:\/\/www.europesays.com\/pt\/wp-json\/wp\/v2\/posts\/237955","targetHints":{"allow":["GET"]}}],"collection":[{"href":"https:\/\/www.europesays.com\/pt\/wp-json\/wp\/v2\/posts"}],"about":[{"href":"https:\/\/www.europesays.com\/pt\/wp-json\/wp\/v2\/types\/post"}],"author":[{"embeddable":true,"href":"https:\/\/www.europesays.com\/pt\/wp-json\/wp\/v2\/users\/2"}],"replies":[{"embeddable":true,"href":"https:\/\/www.europesays.com\/pt\/wp-json\/wp\/v2\/comments?post=237955"}],"version-history":[{"count":0,"href":"https:\/\/www.europesays.com\/pt\/wp-json\/wp\/v2\/posts\/237955\/revisions"}],"wp:featuredmedia":[{"embeddable":true,"href":"https:\/\/www.europesays.com\/pt\/wp-json\/wp\/v2\/media\/237956"}],"wp:attachment":[{"href":"https:\/\/www.europesays.com\/pt\/wp-json\/wp\/v2\/media?parent=237955"}],"wp:term":[{"taxonomy":"category","embeddable":true,"href":"https:\/\/www.europesays.com\/pt\/wp-json\/wp\/v2\/categories?post=237955"},{"taxonomy":"post_tag","embeddable":true,"href":"https:\/\/www.europesays.com\/pt\/wp-json\/wp\/v2\/tags?post=237955"}],"curies":[{"name":"wp","href":"https:\/\/api.w.org\/{rel}","templated":true}]}}