{"id":23812,"date":"2025-08-10T18:15:08","date_gmt":"2025-08-10T18:15:08","guid":{"rendered":"https:\/\/www.europesays.com\/pt\/23812\/"},"modified":"2025-08-10T18:15:08","modified_gmt":"2025-08-10T18:15:08","slug":"catalogo-de-criancas-por-cor-de-olhos-e-cabelo-criancas-deportadas-a-forca-pela-russia-dadas-para-adocao","status":"publish","type":"post","link":"https:\/\/www.europesays.com\/pt\/23812\/","title":{"rendered":"&#8220;Cat\u00e1logo&#8221; de crian\u00e7as por cor de olhos e cabelo. Crian\u00e7as deportadas \u00e0 for\u00e7a pela R\u00fassia dadas para ado\u00e7\u00e3o"},"content":{"rendered":"<p>\t                ONG Save Ukraine denuncia recente publica\u00e7\u00e3o das autoridades russas que ocupam a regi\u00e3o de Luhansk, no leste da Ucr\u00e2nia<\/p>\n<p>O Departamento de Educa\u00e7\u00e3o gerido pelas autoridades russas na regi\u00e3o ocupada de Luhansk, no leste da Ucr\u00e2nia, est\u00e1 a ser acusado de publicar um <a href=\"https:\/\/www.euronews.com\/2025\/08\/08\/stolen-children-marketplace-russia-creates-catalogue-of-ukrainian-kids-for-adoption\" target=\"_blank\" rel=\"nofollow noopener\">&#8220;cat\u00e1logo&#8221; de crian\u00e7as ucranianas<\/a> retiradas e deportadas \u00e0 for\u00e7a para que sejam adotadas por fam\u00edlias russas.<\/p>\n<p>A den\u00fancia do &#8220;cat\u00e1logo&#8221; de crian\u00e7as foi feita por Mykola Kuleba, diretor da\u00a0<a href=\"http:\/\/www.saveukraineua.org\/news\/russia-makes-children-orphans\/\" target=\"_blank\" rel=\"nofollow noopener\">organiza\u00e7\u00e3o n\u00e3o-governamental Save Ukraine<\/a>, com recurso a capturas de ecr\u00e2 que mostram a recente publica\u00e7\u00e3o das for\u00e7as ocupadoras.<\/p>\n<p>A base de dados cont\u00e9m os nomes e dados de 294 crian\u00e7as ucranianas dispon\u00edveis para ado\u00e7\u00e3o, catalogadas por idade, cor do cabelo e cor dos olhos, com as autoridades russas a informarem que os menores est\u00e3o registados como &#8220;\u00f3rf\u00e3os e crian\u00e7as abandonadas pela fam\u00edlia&#8221;.<\/p>\n<p>De acordo com Kuleba, apesar de algumas das crian\u00e7as serem de facto \u00f3rf\u00e3s, cujos pais foram mortos pelas for\u00e7as russas, muitas\u00a0<a href=\"https:\/\/www.google.com\/url?sa=t&amp;source=web&amp;rct=j&amp;opi=89978449&amp;url=https:\/\/www.rfi.fr\/br\/europa\/20230223-ucranianos-tentam-salvar-crian%C3%A7as-de-deporta%C3%A7%C3%A3o-e-ado%C3%A7%C3%A3o-por-fam%C3%ADlias-russas&amp;ved=2ahUKEwjmutqnuvuOAxX7dqQEHY1PJB8QFnoECBYQAQ&amp;usg=AOvVaw083T-IQZBo_MiJhlYsZJDM\" target=\"_blank\" rel=\"nofollow noopener\">foram arrancadas das suas fam\u00edlias e deportadas \u00e0 for\u00e7a para a R\u00fassia<\/a>, onde receberam documentos de identidade russos.\u00a0\u201cA forma como descrevem os nossos filhos n\u00e3o se diferencia de um cat\u00e1logo de escravos&#8221;, acusa o diretor da ONG. &#8220;Isto \u00e9 tr\u00e1fico infantil do s\u00e9culo XXI.\u201d<\/p>\n<p>Embora o cat\u00e1logo n\u00e3o inclua fotografias dos menores, cada perfil individual apresenta informa\u00e7\u00f5es detalhadas sobre o estado de sa\u00fade das crian\u00e7as, na sua maioria colocadas no grupo de menores sem doen\u00e7as cr\u00f3nicas mas com algum grau de deteriora\u00e7\u00e3o funcional ou fatores de risco. Os perfis incluem ainda pequenas descri\u00e7\u00f5es comportamentais.<\/p>\n<p>Um exemplo: Alex\u00e9i, descrito como uma crian\u00e7a &#8220;am\u00e1vel, soci\u00e1vel, [que] interage ativamente com os colegas, trata os adultos com respeito, adora desporto e jogos ativos&#8221;. Outro: Anguelina, &#8220;n\u00e3o agressiva, am\u00e1vel, compassiva, disposta a cumprir com as tarefas &#8212; se assume uma, leva-a at\u00e9 ao fim &#8212; [que] toma a iniciativa para criar um ambiente acolhedor na sala de aula&#8221; e que \u00e9 ainda &#8220;muito respons\u00e1vel com a limpeza da sala&#8221;.<\/p>\n<p>Esta, ressalta Kuleba na rede social X, &#8220;n\u00e3o \u00e9 uma t\u00e1tica nova&#8221; da R\u00fassia. &#8220;Desde 2014&#8221;, quando Moscovo anexou a Pen\u00ednsula da Crimeia, &#8220;crian\u00e7as ucranianas t\u00eam aparecido em bancos de dados de ado\u00e7\u00e3o russos&#8221;, denuncia o respons\u00e1vel, que adianta que esta pr\u00e1tica se tornou &#8220;generalizada e sistem\u00e1tica a partir de 2022&#8221;, na sequ\u00eancia da invas\u00e3o em larga escala da Ucr\u00e2nia.<\/p>\n<p>&#8220;A R\u00fassia j\u00e1 nem tenta mais escond\u00ea-lo. \u00d3rf\u00e3os ucranianos s\u00e3o exibidos como produtos numa loja online.&#8221;<\/p>\n<p>At\u00e9 ao momento, a Ucr\u00e2nia conseguiu comprovar a deporta\u00e7\u00e3o de mais de 19.500 crian\u00e7as ucranianas pela R\u00fassia, sobre as quais foram coletadas informa\u00e7\u00f5es detalhadas, nomeadamente o seu local de resid\u00eancia na Ucr\u00e2nia e sua atual localiza\u00e7\u00e3o geogr\u00e1fica em territ\u00f3rio russo. Mais de 1.350 foram deportadas, sendo que cada retorno \u00e9 mediado por um Estado terceiro, como \u00e9 o caso do Catar, \u00c1frica do Sul e o Vaticano.<\/p>\n<p>O n\u00famero real de deporta\u00e7\u00f5es de menores \u00e0 for\u00e7a, contudo, dever\u00e1 ser muito superior. De acordo com c\u00e1lculos do Laborat\u00f3rio de Investiga\u00e7\u00e3o Humanit\u00e1ria da Universidade de Yale, nos EUA, cerca de 35 mil crian\u00e7as ucranianas j\u00e1 poder\u00e3o ter sido deportadas desde o in\u00edcio da guerra.<\/p>\n<p>O think tank Instituto para o Estudo da Guerra (ISW), tamb\u00e9m sediado nos EUA, diz que o sequestro de crian\u00e7as tem sido uma das prioridades do Presidente russo, Vladimir Putin, referindo-se \u00e0s revela\u00e7\u00f5es de ativistas ucranianos de direitos humanos.<\/p>\n<p>Segundo documentos do Kremlin a que o ISW teve acesso, datados de 18 de fevereiro de 2022, Moscovo implementou planos para remover crian\u00e7as ucranianas de orfanatos nas regi\u00f5es ocupadas de Luhansk e Donetsk e traz\u00ea-las para a R\u00fassia sob o pretexto de &#8220;evacua\u00e7\u00f5es humanit\u00e1rias&#8221;.<\/p>\n","protected":false},"excerpt":{"rendered":"ONG Save Ukraine denuncia recente publica\u00e7\u00e3o das autoridades russas que ocupam a regi\u00e3o de Luhansk, no leste da&hellip;\n","protected":false},"author":2,"featured_media":23813,"comment_status":"","ping_status":"","sticky":false,"template":"","format":"standard","meta":{"footnotes":""},"categories":[50],"tags":[609,836,611,27,28,607,608,333,832,838,604,7344,135,610,3107,476,15,16,301,830,14,603,25,26,570,8332,21,22,831,833,62,834,12,13,19,20,835,8333,602,52,32,23,24,839,17,18,840,29,30,31,63,64,65],"class_list":{"0":"post-23812","1":"post","2":"type-post","3":"status-publish","4":"format-standard","5":"has-post-thumbnail","7":"category-mundo","8":"tag-alerta","9":"tag-analise","10":"tag-ao-minuto","11":"tag-breaking-news","12":"tag-breakingnews","13":"tag-cnn","14":"tag-cnn-portugal","15":"tag-comentadores","16":"tag-costa","17":"tag-criancas","18":"tag-crime","19":"tag-deportacao","20":"tag-desporto","21":"tag-direto","22":"tag-donetsk","23":"tag-economia","24":"tag-featured-news","25":"tag-featurednews","26":"tag-governo","27":"tag-guerra","28":"tag-headlines","29":"tag-justica","30":"tag-latest-news","31":"tag-latestnews","32":"tag-live","33":"tag-luhansk","34":"tag-main-news","35":"tag-mainnews","36":"tag-mais-vistas","37":"tag-marcelo","38":"tag-mundo","39":"tag-negocios","40":"tag-news","41":"tag-noticias","42":"tag-noticias-principais","43":"tag-noticiasprincipais","44":"tag-opiniao","45":"tag-orfaos","46":"tag-pais","47":"tag-politica","48":"tag-portugal","49":"tag-principais-noticias","50":"tag-principaisnoticias","51":"tag-russia","52":"tag-top-stories","53":"tag-topstories","54":"tag-ucrania","55":"tag-ultimas","56":"tag-ultimas-noticias","57":"tag-ultimasnoticias","58":"tag-world","59":"tag-world-news","60":"tag-worldnews"},"share_on_mastodon":{"url":"","error":""},"_links":{"self":[{"href":"https:\/\/www.europesays.com\/pt\/wp-json\/wp\/v2\/posts\/23812","targetHints":{"allow":["GET"]}}],"collection":[{"href":"https:\/\/www.europesays.com\/pt\/wp-json\/wp\/v2\/posts"}],"about":[{"href":"https:\/\/www.europesays.com\/pt\/wp-json\/wp\/v2\/types\/post"}],"author":[{"embeddable":true,"href":"https:\/\/www.europesays.com\/pt\/wp-json\/wp\/v2\/users\/2"}],"replies":[{"embeddable":true,"href":"https:\/\/www.europesays.com\/pt\/wp-json\/wp\/v2\/comments?post=23812"}],"version-history":[{"count":0,"href":"https:\/\/www.europesays.com\/pt\/wp-json\/wp\/v2\/posts\/23812\/revisions"}],"wp:featuredmedia":[{"embeddable":true,"href":"https:\/\/www.europesays.com\/pt\/wp-json\/wp\/v2\/media\/23813"}],"wp:attachment":[{"href":"https:\/\/www.europesays.com\/pt\/wp-json\/wp\/v2\/media?parent=23812"}],"wp:term":[{"taxonomy":"category","embeddable":true,"href":"https:\/\/www.europesays.com\/pt\/wp-json\/wp\/v2\/categories?post=23812"},{"taxonomy":"post_tag","embeddable":true,"href":"https:\/\/www.europesays.com\/pt\/wp-json\/wp\/v2\/tags?post=23812"}],"curies":[{"name":"wp","href":"https:\/\/api.w.org\/{rel}","templated":true}]}}