{"id":238229,"date":"2026-01-21T15:13:08","date_gmt":"2026-01-21T15:13:08","guid":{"rendered":"https:\/\/www.europesays.com\/pt\/238229\/"},"modified":"2026-01-21T15:13:08","modified_gmt":"2026-01-21T15:13:08","slug":"imc-metabolico-pode-revelar-risco-ate-5-vezes-maior-de-doencas-mesmo-em-pessoas-com-peso-normal-entenda","status":"publish","type":"post","link":"https:\/\/www.europesays.com\/pt\/238229\/","title":{"rendered":"\u2018IMC metab\u00f3lico\u2019 pode revelar risco at\u00e9 5 vezes maior de doen\u00e7as mesmo em pessoas com peso normal; entenda"},"content":{"rendered":"\n<p class=\" content-text__container theme-color-primary-first-letter\" data-track-category=\"Link no Texto\" data-track-links=\"\"> Novas descobertas indicam que o \u00cdndice de Massa Corporal (<a class=\"\" href=\"https:\/\/oglobo.globo.com\/tudo-sobre\/assunto\/imc\/\" rel=\"nofollow noopener\" target=\"_blank\">IMC<\/a>) convencional \u00e9 limitado quanto a indicar o real risco de desenvolver doen\u00e7as cardiometab\u00f3licas, isto \u00e9, que afetam o cora\u00e7\u00e3o e o metabolismo do corpo. Em um novo estudo, pesquisadores observaram que o \u00cdndice de Massa Corporal (IMC) metab\u00f3lico pode revelar risco at\u00e9 5 vezes maior de doen\u00e7as mesmo em pessoas com peso normal. <\/p>\n<p class=\" content-text__container \" data-track-category=\"Link no Texto\" data-track-links=\"\"> A pesquisa, publicada na revista cient\u00edfica Nature Medicine, mostra que um IMC metab\u00f3lico alto est\u00e1 associado a um risco duas a cinco vezes maior de uma s\u00e9rie de doen\u00e7as e condi\u00e7\u00f5es: <strong>f\u00edgado gorduroso, diabetes, obesidade abdominal, resist\u00eancia \u00e0 insulina e at\u00e9 mesmo prev\u00ea perda de peso insuficiente ou limitada ap\u00f3s a cirurgia bari\u00e1trica.<\/strong> <\/p>\n<p class=\" content-text__container \" data-track-category=\"Link no Texto\" data-track-links=\"\"> O IMC metab\u00f3lico desenvolvido pelos pesquisadores faz medi\u00e7\u00f5es de centenas de pequenas mol\u00e9culas no sangue que refletem o metabolismo celular. Essa medi\u00e7\u00e3o fornece uma imagem muito mais precisa da sa\u00fade metab\u00f3lica e do risco de doen\u00e7as cardiovasculares de um indiv\u00edduo do que o IMC tradicional. Para isso, a equipe de pesquisa da Universidade de Gotemburgo, na Su\u00e9cia, analisou mais de mil participantes. <\/p>\n<p class=\" content-text__container \" data-track-category=\"Link no Texto\" data-track-links=\"\"> \u201cNosso metIMC revela um dist\u00farbio metab\u00f3lico oculto que nem sempre \u00e9 vis\u00edvel na balan\u00e7a. Duas pessoas com o mesmo IMC podem ter perfis de risco completamente diferentes, dependendo de como seu metabolismo e tecido adiposo funcionam\u201d, afirma Rima Chakaroun, pesquisadora da Academia Sahlgrenska da Universidade de Gotemburgo e primeira autora do estudo. <\/p>\n<p class=\" content-text__container \" data-track-category=\"Link no Texto\" data-track-links=\"\"> Outra descoberta fundamental do estudo \u00e9 a associa\u00e7\u00e3o entre o IMC metab\u00f3lico (IMC-m) e a composi\u00e7\u00e3o das bact\u00e9rias no intestino, a microbiota intestinal. Pessoas com esse IMC elevado apresentaram uma microbiota intestinal com menor diversidade e menor potencial para decompor a fibra alimentar em \u00e1cido but\u00edrico, subst\u00e2ncia previamente associada \u00e0 inflama\u00e7\u00e3o e ao aumento do risco de doen\u00e7as. <\/p>\n<p class=\" content-text__container \" data-track-category=\"Link no Texto\" data-track-links=\"\"> \u201cO IMC tradicional muitas vezes n\u00e3o identifica pessoas com peso normal, mas com alto risco metab\u00f3lico. O metIMC pode contribuir para uma avalia\u00e7\u00e3o mais justa e precisa do risco de doen\u00e7as, abrindo caminho para uma preven\u00e7\u00e3o e um tratamento mais personalizados\u201d, diz Fredrik B\u00e4ckhed, professor na Academia Sahlgrenska, Universidade de Gotemburgo. <\/p>\n<p class=\" content-text__container \" data-track-category=\"Link no Texto\" data-track-links=\"\"> Al\u00e9m disso, os pesquisadores destacam que os fatores gen\u00e9ticos s\u00e3o menos importantes para o IMC metab\u00f3lico do que <strong>o estilo de vida e o ambiente.<\/strong> <\/p>\n<p class=\" content-text__container \" data-track-category=\"Link no Texto\" data-track-links=\"\"> \u201cOs metab\u00f3litos que contribuem significativamente para a previs\u00e3o do IMC metab\u00f3lico s\u00e3o, na verdade, modulados ou produzidos pela microbiota intestinal, funcionando como uma esp\u00e9cie de indicador metab\u00f3lico\u201d, conclui B\u00e4ckhed. <\/p>\n","protected":false},"excerpt":{"rendered":"Novas descobertas indicam que o \u00cdndice de Massa Corporal (IMC) convencional \u00e9 limitado quanto a indicar o real&hellip;\n","protected":false},"author":2,"featured_media":238230,"comment_status":"","ping_status":"","sticky":false,"template":"","format":"standard","meta":{"footnotes":"","_share_on_mastodon":"0"},"categories":[86],"tags":[116,17396,32,33,117],"class_list":["post-238229","post","type-post","status-publish","format-standard","has-post-thumbnail","category-saude","tag-health","tag-imc","tag-portugal","tag-pt","tag-saude"],"share_on_mastodon":{"url":"https:\/\/pubeurope.com\/@pt\/115933741254154017","error":""},"_links":{"self":[{"href":"https:\/\/www.europesays.com\/pt\/wp-json\/wp\/v2\/posts\/238229","targetHints":{"allow":["GET"]}}],"collection":[{"href":"https:\/\/www.europesays.com\/pt\/wp-json\/wp\/v2\/posts"}],"about":[{"href":"https:\/\/www.europesays.com\/pt\/wp-json\/wp\/v2\/types\/post"}],"author":[{"embeddable":true,"href":"https:\/\/www.europesays.com\/pt\/wp-json\/wp\/v2\/users\/2"}],"replies":[{"embeddable":true,"href":"https:\/\/www.europesays.com\/pt\/wp-json\/wp\/v2\/comments?post=238229"}],"version-history":[{"count":0,"href":"https:\/\/www.europesays.com\/pt\/wp-json\/wp\/v2\/posts\/238229\/revisions"}],"wp:featuredmedia":[{"embeddable":true,"href":"https:\/\/www.europesays.com\/pt\/wp-json\/wp\/v2\/media\/238230"}],"wp:attachment":[{"href":"https:\/\/www.europesays.com\/pt\/wp-json\/wp\/v2\/media?parent=238229"}],"wp:term":[{"taxonomy":"category","embeddable":true,"href":"https:\/\/www.europesays.com\/pt\/wp-json\/wp\/v2\/categories?post=238229"},{"taxonomy":"post_tag","embeddable":true,"href":"https:\/\/www.europesays.com\/pt\/wp-json\/wp\/v2\/tags?post=238229"}],"curies":[{"name":"wp","href":"https:\/\/api.w.org\/{rel}","templated":true}]}}