{"id":23825,"date":"2025-08-10T18:27:20","date_gmt":"2025-08-10T18:27:20","guid":{"rendered":"https:\/\/www.europesays.com\/pt\/23825\/"},"modified":"2025-08-10T18:27:20","modified_gmt":"2025-08-10T18:27:20","slug":"o-planeta-girou-mais-rapido-e-voce-nem-percebeu-entenda","status":"publish","type":"post","link":"https:\/\/www.europesays.com\/pt\/23825\/","title":{"rendered":"O planeta girou mais r\u00e1pido e voc\u00ea nem percebeu; entenda"},"content":{"rendered":"<p class=\"bullet mt-0\" data-v-232111b4=\"\"><strong>A rota\u00e7\u00e3o da Terra normalmente leva 86.400 segundos, as 24 horas de um dia.<\/strong> Mas a velocidade do giro depende de diversos fatores, como a posi\u00e7\u00e3o da Lua, o campo gravitacional e at\u00e9 mudan\u00e7as no n\u00facleo do planeta.<\/p>\n<p class=\"bullet\" data-v-232111b4=\"\">Quando seu efeito gravitacional incide mais sobre os polos do que sobre o Equador, a massa da Terra se redistribui mais pr\u00f3xima ao eixo de rota\u00e7\u00e3o, o que acelera o giro do planeta<strong> Eder Molina, geof\u00edsico, ao Jornal da USP<\/strong><\/p>\n<p class=\"bullet\" data-v-232111b4=\"\"><strong>Fen\u00f4meno vem sendo observado desde 2020. <\/strong>&#8220;Temos dias ligeiramente mais curtos do que nos \u00faltimos 50 anos&#8221;, afirmou Dirk Piester, do Instituto Nacional de Meteorologia da Alemanha, \u00e0 Live Science. O impacto pode parecer m\u00ednimo, mas \u00e9 relevante para sistemas que exigem sincroniza\u00e7\u00e3o exata, como GPS, bancos, redes el\u00e9tricas e sat\u00e9lites. <\/p>\n<p class=\"bullet\" data-v-232111b4=\"\">Transmitimos dados em alt\u00edssima velocidade. Tudo precisa ter marca\u00e7\u00e3o de tempo para os computadores saberem o que vai para onde<strong> David Gozzard, f\u00edsico, ao The Guardian<\/strong><\/p>\n<p><img width=\"450\" height=\"450\" src=\"https:\/\/www.europesays.com\/pt\/wp-content\/uploads\/2025\/08\/humanos-animais-plantas-e-objetos-todos-estao-sujeitos-a-forca-gravitacional-do-planeta-terra-174310.jpeg\" alt=\"Dias est\u00e3o ficando mais curtos na Terra\" loading=\"eager\" fetchpriority=\"low\" decoding=\"auto\" title=\"Dias est\u00e3o ficando mais curtos na Terra\" style=\"border-radius:var(--solar-border-radius-25);\" data-v-73d45db8=\"\"\/> Dias est\u00e3o ficando mais curtos na Terra Imagem: Pixabay\/Pixels<\/p>\n<p class=\"bullet\" data-v-232111b4=\"\"><strong>Desde 1972, os rel\u00f3gios at\u00f4micos s\u00e3o ajustados com segundos bissextos para alinhar o tempo oficial (UTC) com a rota\u00e7\u00e3o da Terra. <\/strong>Mas com a recente acelera\u00e7\u00e3o, alguns cientistas consideram uma medida in\u00e9dita: remover um segundo, criando um &#8220;segundo bissexto negativo&#8221;.<\/p>\n","protected":false},"excerpt":{"rendered":"A rota\u00e7\u00e3o da Terra normalmente leva 86.400 segundos, as 24 horas de um dia. Mas a velocidade do&hellip;\n","protected":false},"author":2,"featured_media":23826,"comment_status":"","ping_status":"","sticky":false,"template":"","format":"standard","meta":{"footnotes":""},"categories":[84],"tags":[109,107,108,32,33,105,103,104,106,110],"class_list":{"0":"post-23825","1":"post","2":"type-post","3":"status-publish","4":"format-standard","5":"has-post-thumbnail","7":"category-ciencia-e-tecnologia","8":"tag-ciencia","9":"tag-ciencia-e-tecnologia","10":"tag-cienciaetecnologia","11":"tag-portugal","12":"tag-pt","13":"tag-science","14":"tag-science-and-technology","15":"tag-scienceandtechnology","16":"tag-technology","17":"tag-tecnologia"},"share_on_mastodon":{"url":"","error":""},"_links":{"self":[{"href":"https:\/\/www.europesays.com\/pt\/wp-json\/wp\/v2\/posts\/23825","targetHints":{"allow":["GET"]}}],"collection":[{"href":"https:\/\/www.europesays.com\/pt\/wp-json\/wp\/v2\/posts"}],"about":[{"href":"https:\/\/www.europesays.com\/pt\/wp-json\/wp\/v2\/types\/post"}],"author":[{"embeddable":true,"href":"https:\/\/www.europesays.com\/pt\/wp-json\/wp\/v2\/users\/2"}],"replies":[{"embeddable":true,"href":"https:\/\/www.europesays.com\/pt\/wp-json\/wp\/v2\/comments?post=23825"}],"version-history":[{"count":0,"href":"https:\/\/www.europesays.com\/pt\/wp-json\/wp\/v2\/posts\/23825\/revisions"}],"wp:featuredmedia":[{"embeddable":true,"href":"https:\/\/www.europesays.com\/pt\/wp-json\/wp\/v2\/media\/23826"}],"wp:attachment":[{"href":"https:\/\/www.europesays.com\/pt\/wp-json\/wp\/v2\/media?parent=23825"}],"wp:term":[{"taxonomy":"category","embeddable":true,"href":"https:\/\/www.europesays.com\/pt\/wp-json\/wp\/v2\/categories?post=23825"},{"taxonomy":"post_tag","embeddable":true,"href":"https:\/\/www.europesays.com\/pt\/wp-json\/wp\/v2\/tags?post=23825"}],"curies":[{"name":"wp","href":"https:\/\/api.w.org\/{rel}","templated":true}]}}