{"id":238660,"date":"2026-01-21T20:41:07","date_gmt":"2026-01-21T20:41:07","guid":{"rendered":"https:\/\/www.europesays.com\/pt\/238660\/"},"modified":"2026-01-21T20:41:07","modified_gmt":"2026-01-21T20:41:07","slug":"noticia-botucatu-tera-novo-dia-d-de-vacinacao-contra-a-dengue-no-dia-31-de-janeiro","status":"publish","type":"post","link":"https:\/\/www.europesays.com\/pt\/238660\/","title":{"rendered":"Not\u00edcia &#8211; Botucatu ter\u00e1 novo Dia D de vacina\u00e7\u00e3o contra a dengue no dia 31 de janeiro"},"content":{"rendered":"<p>Vacina\u00e7\u00e3o segue em todas as unidades e ser\u00e1 intensificada no s\u00e1bado, das 8h \u00e0s 17h, em diversos pontos da cidade.<\/p>\n<p>A Prefeitura da Est\u00e2ncia Tur\u00edstica de Botucatu, por meio da Secretaria Municipal de Sa\u00fade, segue intensificando a vacina\u00e7\u00e3o contra a dengue e anuncia um novo Dia D de mobiliza\u00e7\u00e3o, que ser\u00e1 realizado no s\u00e1bado, 31 de janeiro, das 8h \u00e0s 17h, com atendimento em todas as Unidades de Sa\u00fade, no Espa\u00e7o Sa\u00fade e tamb\u00e9m na Escola Cardosinho.<\/p>\n<p>A iniciativa tem como objetivo ampliar ainda mais o acesso da popula\u00e7\u00e3o alvo \u2013 de 15 a 59 anos &#8211; \u00e0 vacina e avan\u00e7ar na meta de cobertura necess\u00e1ria para garantir a efic\u00e1cia coletiva do imunizante. Atualmente, 26.753 doses foram aplicadas.<\/p>\n<p>A vacina\u00e7\u00e3o segue at\u00e9 o dia 30 de janeiro, em todas as Unidades de Sa\u00fade, al\u00e9m do Espa\u00e7o Sa\u00fade, com atendimento das 8h \u00e0s 16h30, e das salas de vacina\u00e7\u00e3o noturna no Centro de Sa\u00fade Escola da Vila dos Lavradores e na Policl\u00ednica CSI, ampliando as op\u00e7\u00f5es para quem n\u00e3o consegue se vacinar durante o dia. Com a realiza\u00e7\u00e3o do novo Dia D, no dia 31, a popula\u00e7\u00e3o ter\u00e1 mais uma oportunidade concentrada para garantir a imuniza\u00e7\u00e3o.<\/p>\n<p>A Secretaria Municipal de Sa\u00fade refor\u00e7a que a vacina\u00e7\u00e3o tamb\u00e9m est\u00e1 dispon\u00edvel para profissionais da \u00e1rea da sa\u00fade que atuam em Botucatu e residem em cidades da regi\u00e3o, mediante apresenta\u00e7\u00e3o de comprovante de v\u00ednculo profissional no munic\u00edpio.<\/p>\n<p>A vacina contra a dengue \u00e9 de dose \u00fanica, possui produ\u00e7\u00e3o 100% nacional e \u00e9 disponibilizada exclusivamente pelo Sistema \u00danico de Sa\u00fade (SUS). O imunizante apresenta 74,7% de efic\u00e1cia contra a dengue sintom\u00e1tica e 89% de prote\u00e7\u00e3o contra as formas graves da doen\u00e7a, al\u00e9m de proteger contra os quatro sorotipos do v\u00edrus.<\/p>\n<p>\u00a0<\/p>\n<p>\u00a0<\/p>\n","protected":false},"excerpt":{"rendered":"Vacina\u00e7\u00e3o segue em todas as unidades e ser\u00e1 intensificada no s\u00e1bado, das 8h \u00e0s 17h, em diversos pontos&hellip;\n","protected":false},"author":2,"featured_media":238661,"comment_status":"","ping_status":"","sticky":false,"template":"","format":"standard","meta":{"footnotes":"","_share_on_mastodon":"0"},"categories":[86],"tags":[34837,1300,116,5231,1133,32,3046,33,117],"class_list":["post-238660","post","type-post","status-publish","format-standard","has-post-thumbnail","category-saude","tag-botucatu","tag-cidade","tag-health","tag-municipal","tag-noticia","tag-portugal","tag-prefeitura","tag-pt","tag-saude"],"share_on_mastodon":{"url":"https:\/\/pubeurope.com\/@pt\/115935031071082075","error":""},"_links":{"self":[{"href":"https:\/\/www.europesays.com\/pt\/wp-json\/wp\/v2\/posts\/238660","targetHints":{"allow":["GET"]}}],"collection":[{"href":"https:\/\/www.europesays.com\/pt\/wp-json\/wp\/v2\/posts"}],"about":[{"href":"https:\/\/www.europesays.com\/pt\/wp-json\/wp\/v2\/types\/post"}],"author":[{"embeddable":true,"href":"https:\/\/www.europesays.com\/pt\/wp-json\/wp\/v2\/users\/2"}],"replies":[{"embeddable":true,"href":"https:\/\/www.europesays.com\/pt\/wp-json\/wp\/v2\/comments?post=238660"}],"version-history":[{"count":0,"href":"https:\/\/www.europesays.com\/pt\/wp-json\/wp\/v2\/posts\/238660\/revisions"}],"wp:featuredmedia":[{"embeddable":true,"href":"https:\/\/www.europesays.com\/pt\/wp-json\/wp\/v2\/media\/238661"}],"wp:attachment":[{"href":"https:\/\/www.europesays.com\/pt\/wp-json\/wp\/v2\/media?parent=238660"}],"wp:term":[{"taxonomy":"category","embeddable":true,"href":"https:\/\/www.europesays.com\/pt\/wp-json\/wp\/v2\/categories?post=238660"},{"taxonomy":"post_tag","embeddable":true,"href":"https:\/\/www.europesays.com\/pt\/wp-json\/wp\/v2\/tags?post=238660"}],"curies":[{"name":"wp","href":"https:\/\/api.w.org\/{rel}","templated":true}]}}