{"id":239877,"date":"2026-01-22T17:34:07","date_gmt":"2026-01-22T17:34:07","guid":{"rendered":"https:\/\/www.europesays.com\/pt\/239877\/"},"modified":"2026-01-22T17:34:07","modified_gmt":"2026-01-22T17:34:07","slug":"chris-pratt-quer-reuniao-entre-o-senhor-dos-estrelas-e-deadpool-no-mcu-adoro-ele","status":"publish","type":"post","link":"https:\/\/www.europesays.com\/pt\/239877\/","title":{"rendered":"Chris Pratt quer reuni\u00e3o entre o Senhor dos Estrelas e Deadpool no MCU: &#8220;Adoro ele&#8221;"},"content":{"rendered":"<p class=\"wp-block-yoast-seo-estimated-reading-time yoast-reading-time__wrapper\">Estimated reading time: 2 minutos<\/p>\n<p>O que aconteceria se o <strong>Senhor das Estrelas <\/strong>e <a href=\"https:\/\/ovicio.com.br\/tag\/deadpool\" target=\"_blank\" rel=\"noreferrer noopener nofollow\">Deadpool<\/a> se encontrassem no MCU? Bem, \u00e9 exatamente isso que <a href=\"https:\/\/ovicio.com.br\/tag\/chris-pratt\" target=\"_blank\" rel=\"noreferrer noopener nofollow\">Chris Pratt<\/a> gostaria de descobrir, com o astro abordando uma poss\u00edvel reuni\u00e3o entre os personagens.<\/p>\n<p>Trabalhando na divulga\u00e7\u00e3o de <a href=\"https:\/\/ovicio.com.br\/tag\/justica-artificial\" target=\"_blank\" rel=\"noreferrer noopener nofollow\">Justi\u00e7a Artificial (2026)<\/a>, seu novo filme, o protagonista da trilogia <a href=\"https:\/\/ovicio.com.br\/tag\/guardioes-da-galaxia\" target=\"_blank\" rel=\"noreferrer noopener nofollow\">Guardi\u00f5es da Gal\u00e1xia<\/a> disse qual seria o pr\u00f3ximo her\u00f3i que gostaria de se unir na franquia de super-her\u00f3is;<\/p>\n<p><strong>&#8220;Parece que a Marvel Studios tem acesso a propriedades intelectuais que pertenciam a outros est\u00fadios, incluindo a Fox. Eu realmente adoro Deadpool. Acho que Ryan Reynolds se superou com aquela atua\u00e7\u00e3o. Ele arrasou. Eu adoraria acompanh\u00e1-lo, mesmo que fosse uma mosca na parede. Ent\u00e3o, vou dizer Wade Wilson.&#8221;<\/strong><\/p>\n<p><strong>Pratt <\/strong>j\u00e1 revelou anteriormente que n\u00e3o descarta um retorno como Peter Quill no MCU, embora n\u00e3o saibamos quando o personagem voltar\u00e1 para as telonas com sua turma.<\/p>\n<p>Enquanto isso, rumores apontam que <a href=\"https:\/\/ovicio.com.br\/tag\/ryan-reynolds\" target=\"_blank\" rel=\"noreferrer noopener nofollow\">Ryan Reynolds<\/a> reprisar\u00e1 o mercen\u00e1rio tagarela em <strong>Vingadores: Doutor Destino (2026)<\/strong> e <strong>Guerras Secretas (2027)<\/strong>, embora nada esteja confirmado.<\/p>\n<p>Os filmes comp\u00f5em o pr\u00f3ximo megaevento da franquia na atual<strong> Saga do Multiverso<\/strong>, com o primeiro deles chegando aos cinemas em 18 de dezembro deste ano.<\/p>\n<p>Leia mais sobre Chris Pratt e o Deadpool:<\/p>\n<p><strong>Fonte:<\/strong> <a href=\"https:\/\/screenrant.com\/chris-pratt-mcu-multiverse-starlord-deadpool-crossover-hopes\/\" target=\"_blank\" rel=\"noreferrer noopener nofollow\">Screen Rant<\/a>.<\/p>\n","protected":false},"excerpt":{"rendered":"Estimated reading time: 2 minutos O que aconteceria se o Senhor das Estrelas e Deadpool se encontrassem no&hellip;\n","protected":false},"author":2,"featured_media":239878,"comment_status":"","ping_status":"","sticky":false,"template":"","format":"standard","meta":{"footnotes":"","_share_on_mastodon":"0"},"categories":[140],"tags":[22507,23390,114,115,147,148,12971,12733,146,32,33],"class_list":["post-239877","post","type-post","status-publish","format-standard","has-post-thumbnail","category-filmes","tag-chris-pratt","tag-deadpool","tag-entertainment","tag-entretenimento","tag-film","tag-filmes","tag-guardioes-da-galaxia","tag-marvel-studios","tag-movies","tag-portugal","tag-pt"],"share_on_mastodon":{"url":"https:\/\/pubeurope.com\/@pt\/115939957954985892","error":""},"_links":{"self":[{"href":"https:\/\/www.europesays.com\/pt\/wp-json\/wp\/v2\/posts\/239877","targetHints":{"allow":["GET"]}}],"collection":[{"href":"https:\/\/www.europesays.com\/pt\/wp-json\/wp\/v2\/posts"}],"about":[{"href":"https:\/\/www.europesays.com\/pt\/wp-json\/wp\/v2\/types\/post"}],"author":[{"embeddable":true,"href":"https:\/\/www.europesays.com\/pt\/wp-json\/wp\/v2\/users\/2"}],"replies":[{"embeddable":true,"href":"https:\/\/www.europesays.com\/pt\/wp-json\/wp\/v2\/comments?post=239877"}],"version-history":[{"count":0,"href":"https:\/\/www.europesays.com\/pt\/wp-json\/wp\/v2\/posts\/239877\/revisions"}],"wp:featuredmedia":[{"embeddable":true,"href":"https:\/\/www.europesays.com\/pt\/wp-json\/wp\/v2\/media\/239878"}],"wp:attachment":[{"href":"https:\/\/www.europesays.com\/pt\/wp-json\/wp\/v2\/media?parent=239877"}],"wp:term":[{"taxonomy":"category","embeddable":true,"href":"https:\/\/www.europesays.com\/pt\/wp-json\/wp\/v2\/categories?post=239877"},{"taxonomy":"post_tag","embeddable":true,"href":"https:\/\/www.europesays.com\/pt\/wp-json\/wp\/v2\/tags?post=239877"}],"curies":[{"name":"wp","href":"https:\/\/api.w.org\/{rel}","templated":true}]}}