{"id":240545,"date":"2026-01-23T03:18:11","date_gmt":"2026-01-23T03:18:11","guid":{"rendered":"https:\/\/www.europesays.com\/pt\/240545\/"},"modified":"2026-01-23T03:18:11","modified_gmt":"2026-01-23T03:18:11","slug":"eleita-a-segunda-mulher-mais-rica-do-mundo-empresaria-vive-reclusa-em-predio-comum","status":"publish","type":"post","link":"https:\/\/www.europesays.com\/pt\/240545\/","title":{"rendered":"Eleita a segunda mulher mais rica do mundo, empres\u00e1ria vive reclusa em pr\u00e9dio comum"},"content":{"rendered":"<p>A empres\u00e1ria francesa foi eleita em 2025 como a segunda mulher mais rica do mundo e tem uma fortuna estimada em US$ 81,6 bilh\u00f5es, o que d\u00e1 em torno de aproximadamente R$ 431 bilh\u00f5es na cota\u00e7\u00e3o atual.<\/p>\n<p>Apesar do patrim\u00f4nio bilion\u00e1rio, a rica\u00e7a prefere uma vida reservada, sem ostenta\u00e7\u00e3o, mora em um apartamento comum.<\/p>\n<p> Quem \u00e9 a empres\u00e1ria poderosa? <\/p>\n<p>Segundo o <a href=\"https:\/\/caras.com.br\/casa-dos-famosos\/jogador-de-futebol-bilionario-ergue-mansao-de-r-215-milhoes-com-praia-privativa.phtml\" rel=\"nofollow noopener\" target=\"_blank\">ranking de bilion\u00e1rios<\/a> da revista Forbes, divulgado em 2025, a empres\u00e1ria francesa Fran\u00e7oise Bettencourt Meyers, herdeira direta da L\u2019Or\u00e9al, \u00e9 a segunda mulher mais rica do mundo.<\/p>\n<p>Bilion\u00e1ria, Fran\u00e7oise tem um <a href=\"https:\/\/caras.com.br\/casa-dos-famosos\/jogador-bilionario-e-dono-de-mansao-luxuosa-a-beira-mar-avaliada-em-mais-de-r-50-milhoes.phtml\" rel=\"nofollow noopener\" target=\"_blank\">patrim\u00f4nio<\/a> com valores muito altos, com uma fortuna estimada em US$ 81,6 bilh\u00f5es.<\/p>\n<p>\t Muito dinheiro, mas sem ostenta\u00e7\u00e3o <\/p>\n<p>Fran\u00e7oise Bettencourt Meyers j\u00e1 foi eleita a mulher mais rica do mundo no passado, mas, apesar de tanto dinheiro, engana-se quem pensa que ela leva uma vida cheia de luxo.<\/p>\n<p>A empres\u00e1ria francesa \u00e9 bastante reservada e confessou que prefere morar em um apartamento em vez de um im\u00f3vel milion\u00e1rio, mesmo sendo bilion\u00e1ria.<\/p>\n<p>\u201cSei que sou privilegiada, mas, como podem ver, n\u00e3o vivo numa mans\u00e3o. N\u00e3o somos colecionadores de quadros nem uso joias\u201d, revelou Fran\u00e7oise Bettencourt em entrevista \u00e0 Le M Magazine do jornal Le Monde, no ano de 2024.<\/p>\n<p> <img loading=\"lazy\" decoding=\"async\" class=\"size-medium wp-image-1061596 img-fluid lazy\" alt=\"Fran\u00e7oise Bettencourt Meyers \u2014 Foto: Getty Images\" width=\"406\" height=\"228\" src=\"https:\/\/www.europesays.com\/pt\/wp-content\/uploads\/2026\/01\/Segunda-mulher-mais-rica-do-mundo-2026-01-22-at-17.06.04-406x228.jpeg\"  \/>Fran\u00e7oise Bettencourt Meyers \u2014 Foto: Getty Images Ningu\u00e9m poderia imaginar <\/p>\n<p>O apartamento da empres\u00e1ria bilion\u00e1ria fica localizado num pr\u00e9dio de dois andares e janelas grandes no bairro parisiense de Saint James, na comuna francesa de Neuilly-sur-Seine.<\/p>\n<p>A vida de Fran\u00e7oise \u00e9 totalmente reservada e ela evita sa\u00eddas e eventos sociais, pois prefere ficar em casa tocando seu piano ou escrevendo.<\/p>\n<p> Saiba mais sobre a trajet\u00f3ria da segunda mulher mais rica do mundo <\/p>\n<p>Atualmente, a francesa \u00e9 a herdeira direta da L\u2019Or\u00e9al. Ela ganhou o t\u00edtulo no ano de 2017, quando sua m\u00e3e faleceu aos 94 anos. Desde ent\u00e3o, a bilion\u00e1ria passou a ter 33% das a\u00e7\u00f5es da companhia.<\/p>\n<p>Fran\u00e7oise Bettencourt Meyers \u00e9 escritora, pianista e filantropa. No ano passado, ela anunciou sua aposentadoria.<\/p>\n<p>Desde a inf\u00e2ncia, a francesa evitava ostentar luxo ou mostrar suas posses. Fran\u00e7oise sempre teve uma personalidade mais reclusa e introspectiva.<\/p>\n<p>A rica foi educada em casa e retirada da escola pelos pais, pois eles tinham receio de que a herdeira fosse sequestrada ou sofresse algo por conta da sua riqueza.<\/p>\n<p><strong>Leia mais<\/strong>: <a href=\"https:\/\/caras.com.br\/datas-especiais\/rapper-mais-rica-do-mundo-chega-aos-43-com-risco-de-perder-mansao-milionaria.phtml\" rel=\"nofollow noopener\" target=\"_blank\">Rapper mais rica do mundo chega aos 43 com risco de perder mans\u00e3o milion\u00e1ria<\/a><\/p>\n<p>\t FIQUE POR DENTRO DAS NOT\u00cdCIAS DOS FAMOSOS ACOMPANHANDO A <a href=\"https:\/\/www.instagram.com\/carasbrasil\/\" rel=\"nofollow noopener\" target=\"_blank\">CARAS BRASIL<\/a> NAS REDES SOCIAIS: <\/p>\n<blockquote class=\"instagram-media\" style=\"background: #FFF; border: 0; border-radius: 3px; box-shadow: 0 0 1px 0 rgba(0,0,0,0.5),0 1px 10px 0 rgba(0,0,0,0.15); margin: 1px; max-width: 540px; min-width: 326px; padding: 0; width: calc(100% - 2px);\" data-instgrm-captioned=\"\" data-instgrm-permalink=\"https:\/\/www.instagram.com\/p\/DT0n405FQo1\/?utm_source=ig_embed&amp;utm_campaign=loading\" data-instgrm-version=\"14\"><\/blockquote>\n<p>        <a href=\"https:\/\/caras.com.br\/autor\/felipe-franca\" rel=\"nofollow noopener\" target=\"_blank\">&#13;<br \/>\n          <img loading=\"lazy\" decoding=\"async\" alt=\"Felipe Fran\u00e7a\" src=\"https:\/\/www.europesays.com\/pt\/wp-content\/uploads\/2025\/11\/whatsapp_image_2024-02-01_at_11.27.22_sqmd.jpeg\" class=\"avatar avatar-115 photo rounded-circle\" height=\"115\" width=\"115\"\/>        <\/a><\/p>\n<p><strong>Felipe Fran\u00e7a<\/strong> \u00e9 jornalista formado pela Faculdade C\u00e1sper L\u00edbero (FCL). \u00c9 rep\u00f3rter de pautas especiais do Grupo Perfil. Tem passagens pela Coluna Fl\u00e1vio Ricco, no R7, e pela TV Gazeta. Possui paix\u00e3o pelo universo da televis\u00e3o, novelas e celebridades. Gosta da arte de ouvir hist\u00f3rias e pessoas.<\/p>\n<p>\t                                            <script async src=\"\/\/www.instagram.com\/embed.js\"><\/script><\/p>\n","protected":false},"excerpt":{"rendered":"A empres\u00e1ria francesa foi eleita em 2025 como a segunda mulher mais rica do mundo e tem uma&hellip;\n","protected":false},"author":2,"featured_media":240546,"comment_status":"","ping_status":"","sticky":false,"template":"","format":"standard","meta":{"footnotes":"","_share_on_mastodon":"0"},"categories":[145],"tags":[36648,211,210,114,115,45514,32,33,45515,45516],"class_list":["post-240545","post","type-post","status-publish","format-standard","has-post-thumbnail","category-celebridades","tag-bilionaria","tag-celebridades","tag-celebrities","tag-entertainment","tag-entretenimento","tag-francoise-bettencourt","tag-portugal","tag-pt","tag-reservada","tag-segunda-mulher-mais-rica-do-mundo"],"share_on_mastodon":{"url":"https:\/\/pubeurope.com\/@pt\/115942254427587971","error":""},"_links":{"self":[{"href":"https:\/\/www.europesays.com\/pt\/wp-json\/wp\/v2\/posts\/240545","targetHints":{"allow":["GET"]}}],"collection":[{"href":"https:\/\/www.europesays.com\/pt\/wp-json\/wp\/v2\/posts"}],"about":[{"href":"https:\/\/www.europesays.com\/pt\/wp-json\/wp\/v2\/types\/post"}],"author":[{"embeddable":true,"href":"https:\/\/www.europesays.com\/pt\/wp-json\/wp\/v2\/users\/2"}],"replies":[{"embeddable":true,"href":"https:\/\/www.europesays.com\/pt\/wp-json\/wp\/v2\/comments?post=240545"}],"version-history":[{"count":0,"href":"https:\/\/www.europesays.com\/pt\/wp-json\/wp\/v2\/posts\/240545\/revisions"}],"wp:featuredmedia":[{"embeddable":true,"href":"https:\/\/www.europesays.com\/pt\/wp-json\/wp\/v2\/media\/240546"}],"wp:attachment":[{"href":"https:\/\/www.europesays.com\/pt\/wp-json\/wp\/v2\/media?parent=240545"}],"wp:term":[{"taxonomy":"category","embeddable":true,"href":"https:\/\/www.europesays.com\/pt\/wp-json\/wp\/v2\/categories?post=240545"},{"taxonomy":"post_tag","embeddable":true,"href":"https:\/\/www.europesays.com\/pt\/wp-json\/wp\/v2\/tags?post=240545"}],"curies":[{"name":"wp","href":"https:\/\/api.w.org\/{rel}","templated":true}]}}