{"id":240975,"date":"2026-01-23T12:26:08","date_gmt":"2026-01-23T12:26:08","guid":{"rendered":"https:\/\/www.europesays.com\/pt\/240975\/"},"modified":"2026-01-23T12:26:08","modified_gmt":"2026-01-23T12:26:08","slug":"video-mostra-como-o-ecra-da-samsung-se-vai-esconder-sozinho-impressionante","status":"publish","type":"post","link":"https:\/\/www.europesays.com\/pt\/240975\/","title":{"rendered":"V\u00eddeo mostra como o ecr\u00e3 da Samsung se vai &#8220;esconder&#8221; sozinho. Impressionante!"},"content":{"rendered":"<p>Que a Samsung estava a tratar de revolucionar o ecr\u00e3 dos smartphones j\u00e1 sab\u00edamos. Contudo, agora, podemos ver essa revolu\u00e7\u00e3o em a\u00e7\u00e3o, com um v\u00eddeo a mostrar como o aguardado ecr\u00e3 poder\u00e1 &#8220;esconder-se&#8221; sozinho. Ser\u00e1 mesmo o fim das pel\u00edculas de privacidade?<\/p>\n<p><a target=\"_blank\" href=\"https:\/\/pplware.sapo.pt\/wp-content\/uploads\/2025\/09\/samsung_galaxy_s25_fe-1.jpg\" onclick=\"refreshIframe()\" class=\"foobox\" rel=\"nofollow noopener\"><img fetchpriority=\"high\" decoding=\"async\" src=\"https:\/\/www.europesays.com\/pt\/wp-content\/uploads\/2026\/01\/samsung_galaxy_s25_fe-1-720x405.jpg\" alt=\"Samsung Galaxy S25 FE\" width=\"720\" height=\"405\" class=\"aligncenter size-medium wp-image-1076664\"  \/><\/a>\n<\/p>\n<p>Conforme <a target=\"_blank\" href=\"https:\/\/pplware.sapo.pt\/smartphones-tablets\/fim-das-peliculas-de-privacidade-samsung-inova-com-ecra-que-se-esconde-automaticamente\/\" rel=\"nofollow noopener\">inform\u00e1mos<\/a>, no in\u00edcio do m\u00eas, a Samsung estaria a desenvolver uma solu\u00e7\u00e3o nativa para revolucionar a seguran\u00e7a visual nos dispositivos m\u00f3veis de \u00faltima gera\u00e7\u00e3o.<\/p>\n<p>De acordo com as fugas de informa\u00e7\u00e3o, a funcionalidade seria um trunfo exclusivo do futuro Samsung Galaxy S26 Ultra.<\/p>\n<p>Agora, numa <a target=\"_blank\" href=\"https:\/\/terrace.goodlocklabs.com\/notice\/259\" rel=\"nofollow noopener\">atualiza\u00e7\u00e3o<\/a> oficial sobre a One UI 8.5, que chegar\u00e1 com os novos S26, a Samsung incluiu uma captura de ecr\u00e3 que mostra claramente um modo Privacy Display no menu de defini\u00e7\u00f5es, confirmando praticamente a sua exist\u00eancia oficial.<\/p>\n<p><a target=\"_blank\" href=\"https:\/\/pplware.sapo.pt\/wp-content\/uploads\/2026\/01\/privacy_display_samsung-1.jpg\" onclick=\"refreshIframe()\" class=\"foobox\" rel=\"nofollow noopener\"><img loading=\"lazy\" decoding=\"async\" src=\"https:\/\/www.europesays.com\/pt\/wp-content\/uploads\/2026\/01\/privacy_display_samsung-1-514x720.jpg\" alt=\"\" width=\"514\" height=\"720\" class=\"aligncenter size-medium wp-image-1099670\"  \/><\/a><\/p>\n<p>Conforme <a target=\"_blank\" href=\"https:\/\/mashable.com\/article\/samsung-galaxy-s26-privacy-display\" rel=\"nofollow noopener\">divulgado<\/a>, especialistas detetaram, tamb\u00e9m, refer\u00eancias ao Privacy Display no c\u00f3digo das primeiras vers\u00f5es da One UI 8.5.<\/p>\n<p>Este Privacy Display funciona de forma semelhante a um protetor de ecr\u00e3 opaco, que impede outras pessoas de verem o que est\u00e1 no ecr\u00e3 do smartphone.<\/p>\n<p>Com este recurso, os Galaxy S26 dever\u00e3o conseguir tapar o ecr\u00e3 para quem est\u00e1 \u00e0 sua volta de forma nativa.<\/p>\n<p>Entretanto, o conhecido leaker da Samsung, @<a target=\"_blank\" href=\"https:\/\/x.com\/UniverseIce\" rel=\"nofollow\">Ice Universe<\/a>, publicou um v\u00eddeo a mostrar a tecnologia do ecr\u00e3 de privacidade em funcionamento.<\/p>\n<p>Filmado no Mobile World Congress, em 2024, o v\u00eddeo mostra um dispositivo chamado Flex Magic Pixel com esta tecnologia:<\/p>\n<blockquote class=\"tw-align-center twitter-tweet\" data-media-max-width=\"720\">\n<p lang=\"en\" dir=\"ltr\">If you still don\u2019t have a clear idea of what the private screen on the Galaxy S26 Ultra is, just watch this video. Once you do, you\u2019ll immediately understand why this is easily the most marketable feature of the S26 Ultra. <a target=\"_blank\" href=\"https:\/\/t.co\/93uTzFAR5Y\" rel=\"nofollow\">pic.twitter.com\/93uTzFAR5Y<\/a><\/p>\n<p>\u2014 Ice Universe (@UniverseIce) <a target=\"_blank\" href=\"https:\/\/twitter.com\/UniverseIce\/status\/2011613460287942735?ref_src=twsrc%5Etfw\" rel=\"nofollow noopener\">January 15, 2026<\/a><\/p>\n<\/blockquote>\n<p>Quais as vantagens pr\u00e1ticas?<\/p>\n<p>Conforme <a target=\"_blank\" href=\"https:\/\/pplware.sapo.pt\/smartphones-tablets\/fim-das-peliculas-de-privacidade-samsung-inova-com-ecra-que-se-esconde-automaticamente\/\" rel=\"nofollow noopener\">explor\u00e1mos<\/a> anteriormente, a grande vantagem desta tecnologia reside na sua versatilidade.<\/p>\n<p>Em vez de o utilizador estar condicionado permanentemente a uma pel\u00edcula f\u00edsica que muitas vezes retira brilho e fidelidade de cor ao ecr\u00e3, poder\u00e1 acionar a prote\u00e7\u00e3o apenas quando for estritamente necess\u00e1rio, como em transportes p\u00fablicos ou recintos partilhados.<\/p>\n<p>Embora ainda n\u00e3o se conhe\u00e7am os detalhes t\u00e9cnicos exatos de como a Samsung conseguir\u00e1 este efeito de escurecimento seletivo, as demonstra\u00e7\u00f5es sugerem uma efic\u00e1cia impressionante.<\/p>\n<p>O custo elevado de implementa\u00e7\u00e3o indica, contudo, que, para j\u00e1, esta ser\u00e1 uma caracter\u00edstica reservada apenas aos equipamentos mais avan\u00e7ados e dispendiosos da fabricante.<\/p>\n<p>\t\t\t\t\t\t<script async src=\"https:\/\/platform.twitter.com\/widgets.js\" charset=\"utf-8\"><\/script><\/p>\n","protected":false},"excerpt":{"rendered":"Que a Samsung estava a tratar de revolucionar o ecr\u00e3 dos smartphones j\u00e1 sab\u00edamos. Contudo, agora, podemos ver&hellip;\n","protected":false},"author":2,"featured_media":240976,"comment_status":"","ping_status":"","sticky":false,"template":"","format":"standard","meta":{"footnotes":"","_share_on_mastodon":"0"},"categories":[84],"tags":[109,107,108,633,32,552,45580,33,952,105,103,104,106,110],"class_list":["post-240975","post","type-post","status-publish","format-standard","has-post-thumbnail","category-ciencia-e-tecnologia","tag-ciencia","tag-ciencia-e-tecnologia","tag-cienciaetecnologia","tag-ecra","tag-portugal","tag-privacidade","tag-privacy-display","tag-pt","tag-samsung","tag-science","tag-science-and-technology","tag-scienceandtechnology","tag-technology","tag-tecnologia"],"share_on_mastodon":{"url":"","error":""},"_links":{"self":[{"href":"https:\/\/www.europesays.com\/pt\/wp-json\/wp\/v2\/posts\/240975","targetHints":{"allow":["GET"]}}],"collection":[{"href":"https:\/\/www.europesays.com\/pt\/wp-json\/wp\/v2\/posts"}],"about":[{"href":"https:\/\/www.europesays.com\/pt\/wp-json\/wp\/v2\/types\/post"}],"author":[{"embeddable":true,"href":"https:\/\/www.europesays.com\/pt\/wp-json\/wp\/v2\/users\/2"}],"replies":[{"embeddable":true,"href":"https:\/\/www.europesays.com\/pt\/wp-json\/wp\/v2\/comments?post=240975"}],"version-history":[{"count":0,"href":"https:\/\/www.europesays.com\/pt\/wp-json\/wp\/v2\/posts\/240975\/revisions"}],"wp:featuredmedia":[{"embeddable":true,"href":"https:\/\/www.europesays.com\/pt\/wp-json\/wp\/v2\/media\/240976"}],"wp:attachment":[{"href":"https:\/\/www.europesays.com\/pt\/wp-json\/wp\/v2\/media?parent=240975"}],"wp:term":[{"taxonomy":"category","embeddable":true,"href":"https:\/\/www.europesays.com\/pt\/wp-json\/wp\/v2\/categories?post=240975"},{"taxonomy":"post_tag","embeddable":true,"href":"https:\/\/www.europesays.com\/pt\/wp-json\/wp\/v2\/tags?post=240975"}],"curies":[{"name":"wp","href":"https:\/\/api.w.org\/{rel}","templated":true}]}}