{"id":241061,"date":"2026-01-23T13:27:09","date_gmt":"2026-01-23T13:27:09","guid":{"rendered":"https:\/\/www.europesays.com\/pt\/241061\/"},"modified":"2026-01-23T13:27:09","modified_gmt":"2026-01-23T13:27:09","slug":"veja-o-bolo-encantador-do-primeiro-mesversario-de-palo-filho-de-mariana-rios","status":"publish","type":"post","link":"https:\/\/www.europesays.com\/pt\/241061\/","title":{"rendered":"Veja o bolo encantador do primeiro mesvers\u00e1rio de Palo, filho de Mariana Rios"},"content":{"rendered":"<p>A atriz e apresentadora <a href=\"https:\/\/caras.com.br\/tags\/mariana-rios\" rel=\"nofollow noopener\" target=\"_blank\"><strong>Mariana Rios<\/strong><\/a> comemorou o primeiro m\u00eas de vida do filho, <a href=\"https:\/\/caras.com.br\/tags\/palo\" rel=\"nofollow noopener\" target=\"_blank\"><strong>Palo<\/strong><\/a>, em dose dupla! Ap\u00f3s o pequeno <a href=\"https:\/\/caras.com.br\/datas-especiais\/mariana-rios-celebra-primeiro-mesversario-do-filho-com-festinha-em-familia.phtml\" rel=\"nofollow noopener\" target=\"_blank\">ganhar uma festinha intimista<\/a> na manh\u00e3 de quinta-feira, 22, a fam\u00edlia celebrou a data especial com um novo bolinho personalizado.<\/p>\n<p>A artista compartilhou com os seguidores alguns detalhes da sobremesa encantadora: Palo ganhou um bolo de um andar, decorado com diversas bolinhas coloridas e a figura de um pintinho no topo. O doce contou com recheio de brigadeiro, ganache de chocolate e cereja.<\/p>\n<p>Mariana Rios tamb\u00e9m publicou uma foto fof\u00edssima do herdeiro, fruto de sua uni\u00e3o com o economista <a href=\"https:\/\/caras.com.br\/tags\/juca-diniz\" rel=\"nofollow noopener\" target=\"_blank\"><strong>Juca Diniz<\/strong><\/a>, deitado enquanto observava o bolinho. \u201cEu n\u00e3o sei parar de te olhar! Eu n\u00e3o sei viver sem voc\u00ea! Meu amor por ti \u00e9 um rio que des\u00e1gua no mar da gratid\u00e3o e da felicidade! Obrigada Deus por esse presente! Palo 1 m\u00eas\u201c, declarou a famosa na legenda.<\/p>\n<p>Vale lembrar que, at\u00e9 o momento, o casal n\u00e3o mostrou publicamente o rostinho de Palo.<\/p>\n<p>\t Veja a foto do bolo do mesvers\u00e1rio de Palo: <img loading=\"lazy\" decoding=\"async\" class=\"size-full wp-image-1061815 img-fluid lazy\" alt=\"Mariana Rios celebra o primeiro m\u00eas de vida do filho, Palo - Foto: Reprodu\u00e7\u00e3o \/ Instagram @marianarios \" width=\"1080\" height=\"1439\" src=\"https:\/\/www.europesays.com\/pt\/wp-content\/uploads\/2026\/01\/mesversario-filho-mariana-rios.jpg\"  \/>Mariana Rios celebra o primeiro m\u00eas de vida do filho, Palo \u2013 Foto: Reprodu\u00e7\u00e3o \/ Instagram @marianarios <img loading=\"lazy\" decoding=\"async\" class=\"size-full wp-image-1061814 img-fluid lazy\" alt=\"Mariana Rios celebra o primeiro m\u00eas de vida do filho, Palo - Foto: Reprodu\u00e7\u00e3o \/ Instagram @marianarios \" width=\"1080\" height=\"1439\" src=\"https:\/\/www.europesays.com\/pt\/wp-content\/uploads\/2026\/01\/mesversario-filho-mariana-rios-2.jpg\"  \/>Mariana Rios celebra o primeiro m\u00eas de vida do filho, Palo \u2013 Foto: Reprodu\u00e7\u00e3o \/ Instagram @marianarios <img loading=\"lazy\" decoding=\"async\" class=\"size-full wp-image-1061813 img-fluid lazy\" alt=\"Mariana Rios celebra o primeiro m\u00eas de vida do filho, Palo - Foto: Reprodu\u00e7\u00e3o \/ Instagram @marianarios \" width=\"1080\" height=\"1438\" src=\"https:\/\/www.europesays.com\/pt\/wp-content\/uploads\/2026\/01\/mesversario-filho-mariana-rios-3.jpg\"  \/>Mariana Rios celebra o primeiro m\u00eas de vida do filho, Palo \u2013 Foto: Reprodu\u00e7\u00e3o \/ Instagram @marianarios <\/p>\n<blockquote class=\"instagram-media\" style=\"background: #FFF; border: 0; border-radius: 3px; box-shadow: 0 0 1px 0 rgba(0,0,0,0.5),0 1px 10px 0 rgba(0,0,0,0.15); margin: 1px; max-width: 540px; min-width: 326px; padding: 0; width: calc(100% - 2px);\" data-instgrm-captioned=\"\" data-instgrm-permalink=\"https:\/\/www.instagram.com\/p\/DT04pt0AVKd\/?utm_source=ig_embed&amp;utm_campaign=loading\" data-instgrm-version=\"14\"><\/blockquote>\n<p>  Mariana Rios se declara ao filho <\/p>\n<p>Mais cedo, Mariana Rios publicou um v\u00eddeo emocionante com diversos registros emocionantes dos \u00faltimos meses, incluindo o in\u00edcio da gesta\u00e7\u00e3o e o nascimento do beb\u00ea. A atriz e apresentadora ainda fez uma esp\u00e9cie de carta aberta ao se declarar para o herdeiro.<\/p>\n<p>\u201cNo dia 14 de abril de 2025, m\u00eas do plantio, eu plantei dentro de mim a sementinha do amor. Iludida seria eu, se acreditasse que apenas esse sentimento havia sido semeado. Ali tamb\u00e9m nascia o maior sentimento de todos depois do amor: a doa\u00e7\u00e3o. Com essa semente, vieram entregues o meu tempo, o meu corpo, as minhas emo\u00e7\u00f5es, os meus h\u00e1bitos, meus gostos, minha liberdade. Tudo foi silenciosamente oferecido a voc\u00ea\u201c, iniciou a atriz.<\/p>\n<p>\u201cUma semente que n\u00e3o tinha sequer o tamanho de um gr\u00e3o de areia, mais pr\u00f3xima de um fio de cabelo e que ainda assim passou a ocupar tudo. A minha doa\u00e7\u00e3o foi tamanha, que eu j\u00e1 n\u00e3o hesitava em perguntar se o restaurante onde eu mais gostava de comer mousse de chocolate havia preparado a receita do fim de semana com clara de ovo crua. Porque mesmo voc\u00ea sendo do tamanho de um gr\u00e3o de feij\u00e3o, j\u00e1 comandava todas as escolhas, j\u00e1 determinava o que fazia ou n\u00e3o sentido, simplesmente porque talvez n\u00e3o fizesse bem para voc\u00ea\u201c, continuou Mariana Rios.<\/p>\n<p>\u201cNaquele dia, algo em mim se transformou para sempre. Descobri que nada mais me pertencia, tudo passou a pertencer a voc\u00ea. E eu, que sempre celebrei a minha individualidade, a minha liberdade, jamais imaginei que essa entrega pudesse acontecer de forma t\u00e3o bonita, t\u00e3o inteira e natural. Eu achava que a doa\u00e7\u00e3o havia atingido seu limite, ali naquele instante. Mas n\u00e3o, eu estava enganada. Com a sua chegada, essa doa\u00e7\u00e3o se tornou ainda maior\u201c, acrescentou a artista em outro trecho.<\/p>\n<p><strong>Leia tamb\u00e9m<\/strong>: <a href=\"https:\/\/caras.com.br\/bebe\/mariana-rios-explica-a-escolha-do-nome-do-filho-representa-algo-intimo-e-verdadeiro.phtml\" rel=\"nofollow noopener\" target=\"_blank\">Mariana Rios explica a escolha do nome do filho: \u2018Representa algo \u00edntimo e verdadeiro\u2019<\/a><\/p>\n<blockquote class=\"instagram-media\" style=\"background: #FFF; border: 0; border-radius: 3px; box-shadow: 0 0 1px 0 rgba(0,0,0,0.5),0 1px 10px 0 rgba(0,0,0,0.15); margin: 1px; max-width: 540px; min-width: 326px; padding: 0; width: calc(100% - 2px);\" data-instgrm-captioned=\"\" data-instgrm-permalink=\"https:\/\/www.instagram.com\/reel\/DT0RZbFDoZn\/?utm_source=ig_embed&amp;utm_campaign=loading\" data-instgrm-version=\"14\"><\/blockquote>\n<p>        <a href=\"https:\/\/caras.com.br\/autor\/rafaela-oliveira\" rel=\"nofollow noopener\" target=\"_blank\">&#13;<br \/>\n          <img alt=\"Rafaela Oliveira\" src=\"https:\/\/www.europesays.com\/pt\/wp-content\/uploads\/2026\/01\/1769174829_32_49f5322875970d1e29e5ff2c3d4db4418044337871973cc6a09a25acab0e8ff7.png\"  class=\"avatar avatar-115 photo rounded-circle mr-3\" height=\"115\" width=\"115\" loading=\"lazy\" decoding=\"async\"\/>        <\/a><\/p>\n<p>        <strong>Rafaela Oliveira<\/strong> \u00e9 rep\u00f3rter de conte\u00fado do site CARAS. Formada em jornalismo, j\u00e1 passou por sites como MaisNovela, Portal M\u00e1rcia Piovesan, Purepeople Brasil e Jornal O Dia. Escreve sobre celebridades, TV e reality show. (email: <a href=\"https:\/\/caras.com.br\/cdn-cgi\/l\/email-protection\" class=\"__cf_email__\" data-cfemail=\"a4d6c6cbc8cdd2c1cdd6c5fbc7cbc8c5c6e4c7c5d6c5d78ac7cbc98ac6d6\" rel=\"nofollow noopener\" target=\"_blank\">[email\u00a0protected]<\/a>)<\/p>\n<p>\t                                            <script async src=\"\/\/www.instagram.com\/embed.js\"><\/script><\/p>\n","protected":false},"excerpt":{"rendered":"A atriz e apresentadora Mariana Rios comemorou o primeiro m\u00eas de vida do filho, Palo, em dose dupla!&hellip;\n","protected":false},"author":2,"featured_media":241062,"comment_status":"","ping_status":"","sticky":false,"template":"","format":"standard","meta":{"footnotes":"","_share_on_mastodon":"0"},"categories":[145],"tags":[211,210,114,115,20742,2211,15957,32,33],"class_list":["post-241061","post","type-post","status-publish","format-standard","has-post-thumbnail","category-celebridades","tag-celebridades","tag-celebrities","tag-entertainment","tag-entretenimento","tag-juca-diniz","tag-mariana-rios","tag-palo","tag-portugal","tag-pt"],"share_on_mastodon":{"url":"https:\/\/pubeurope.com\/@pt\/115944649108395757","error":""},"_links":{"self":[{"href":"https:\/\/www.europesays.com\/pt\/wp-json\/wp\/v2\/posts\/241061","targetHints":{"allow":["GET"]}}],"collection":[{"href":"https:\/\/www.europesays.com\/pt\/wp-json\/wp\/v2\/posts"}],"about":[{"href":"https:\/\/www.europesays.com\/pt\/wp-json\/wp\/v2\/types\/post"}],"author":[{"embeddable":true,"href":"https:\/\/www.europesays.com\/pt\/wp-json\/wp\/v2\/users\/2"}],"replies":[{"embeddable":true,"href":"https:\/\/www.europesays.com\/pt\/wp-json\/wp\/v2\/comments?post=241061"}],"version-history":[{"count":0,"href":"https:\/\/www.europesays.com\/pt\/wp-json\/wp\/v2\/posts\/241061\/revisions"}],"wp:featuredmedia":[{"embeddable":true,"href":"https:\/\/www.europesays.com\/pt\/wp-json\/wp\/v2\/media\/241062"}],"wp:attachment":[{"href":"https:\/\/www.europesays.com\/pt\/wp-json\/wp\/v2\/media?parent=241061"}],"wp:term":[{"taxonomy":"category","embeddable":true,"href":"https:\/\/www.europesays.com\/pt\/wp-json\/wp\/v2\/categories?post=241061"},{"taxonomy":"post_tag","embeddable":true,"href":"https:\/\/www.europesays.com\/pt\/wp-json\/wp\/v2\/tags?post=241061"}],"curies":[{"name":"wp","href":"https:\/\/api.w.org\/{rel}","templated":true}]}}