{"id":241554,"date":"2026-01-23T20:00:15","date_gmt":"2026-01-23T20:00:15","guid":{"rendered":"https:\/\/www.europesays.com\/pt\/241554\/"},"modified":"2026-01-23T20:00:15","modified_gmt":"2026-01-23T20:00:15","slug":"reformados-recebem-menos-em-janeiro-human-resources","status":"publish","type":"post","link":"https:\/\/www.europesays.com\/pt\/241554\/","title":{"rendered":"Reformados recebem menos em Janeiro \u2013 Human Resources"},"content":{"rendered":"<p>                                    <img decoding=\"async\" alt=\"\" src=\"https:\/\/www.europesays.com\/pt\/wp-content\/uploads\/2025\/10\/1760570118_reforma.jpg\"\/><\/p>\n<p><strong>A actualiza\u00e7\u00e3o das tabelas de reten\u00e7\u00e3o na fonte do IRS vai sofrer um pequeno atraso. A Seguran\u00e7a Social e a Caixa Geral de Aposenta\u00e7\u00f5es (CGA) v\u00e3o aplicar os novos valores apenas a partir de Fevereiro de 2026. Isso significa que, durante Janeiro, pensionistas e reformados continuar\u00e3o a receber os pagamentos calculados segundo as tabelas actuais.<\/strong><\/p>\n<p>Segundo as autoridades, o atraso deve-se a limita\u00e7\u00f5es t\u00e9cnicas que impedem a actualiza\u00e7\u00e3o imediata dos sistemas de pagamento no in\u00edcio do ano. Por isso, os descontos de IRS em Janeiro ser\u00e3o feitos como se as novas tabelas ainda n\u00e3o tivessem sido implementadas.<\/p>\n<p>A correc\u00e7\u00e3o ocorrer\u00e1 em Fevereiro, quando as novas tabelas entrarem em vigor, permitindo um ajuste nos valores recebidos, compensando eventuais reten\u00e7\u00f5es superiores em Janeiro.<\/p>\n<p>Importa frisar que este atraso n\u00e3o altera o total anual de imposto a pagar, mas pode gerar alguma confus\u00e3o nos rendimentos l\u00edquidos no in\u00edcio do ano, especialmente para quem acompanha as mudan\u00e7as anunciadas pelo Governo. Para perceber o impacto concreto, \u00e9 poss\u00edvel utilizar uma <a href=\"https:\/\/www.comparaja.pt\/simuladores\/calculadora-salario-liquido\" rel=\"nofollow noopener\" target=\"_blank\">calculadora de sal\u00e1rio l\u00edquido<\/a> e simular o efeito das novas tabelas no seu caso espec\u00edfico.<\/p>\n<p>O Governo garante que a situa\u00e7\u00e3o ser\u00e1 regularizada rapidamente e que nenhum contribuinte ser\u00e1 prejudicado no apuramento final do IRS.<\/p>\n","protected":false},"excerpt":{"rendered":"A actualiza\u00e7\u00e3o das tabelas de reten\u00e7\u00e3o na fonte do IRS vai sofrer um pequeno atraso. A Seguran\u00e7a Social&hellip;\n","protected":false},"author":2,"featured_media":112419,"comment_status":"","ping_status":"","sticky":false,"template":"","format":"standard","meta":{"footnotes":"","_share_on_mastodon":"0"},"categories":[83],"tags":[88,34624,89,90,4306,619,11697,32,33,5811],"class_list":["post-241554","post","type-post","status-publish","format-standard","has-post-thumbnail","category-empresas","tag-business","tag-cga","tag-economy","tag-empresas","tag-irs","tag-nacional","tag-pensionistas","tag-portugal","tag-pt","tag-reformados"],"share_on_mastodon":{"url":"https:\/\/pubeurope.com\/@pt\/115946194492102289","error":""},"_links":{"self":[{"href":"https:\/\/www.europesays.com\/pt\/wp-json\/wp\/v2\/posts\/241554","targetHints":{"allow":["GET"]}}],"collection":[{"href":"https:\/\/www.europesays.com\/pt\/wp-json\/wp\/v2\/posts"}],"about":[{"href":"https:\/\/www.europesays.com\/pt\/wp-json\/wp\/v2\/types\/post"}],"author":[{"embeddable":true,"href":"https:\/\/www.europesays.com\/pt\/wp-json\/wp\/v2\/users\/2"}],"replies":[{"embeddable":true,"href":"https:\/\/www.europesays.com\/pt\/wp-json\/wp\/v2\/comments?post=241554"}],"version-history":[{"count":0,"href":"https:\/\/www.europesays.com\/pt\/wp-json\/wp\/v2\/posts\/241554\/revisions"}],"wp:featuredmedia":[{"embeddable":true,"href":"https:\/\/www.europesays.com\/pt\/wp-json\/wp\/v2\/media\/112419"}],"wp:attachment":[{"href":"https:\/\/www.europesays.com\/pt\/wp-json\/wp\/v2\/media?parent=241554"}],"wp:term":[{"taxonomy":"category","embeddable":true,"href":"https:\/\/www.europesays.com\/pt\/wp-json\/wp\/v2\/categories?post=241554"},{"taxonomy":"post_tag","embeddable":true,"href":"https:\/\/www.europesays.com\/pt\/wp-json\/wp\/v2\/tags?post=241554"}],"curies":[{"name":"wp","href":"https:\/\/api.w.org\/{rel}","templated":true}]}}