{"id":241800,"date":"2026-01-23T23:27:13","date_gmt":"2026-01-23T23:27:13","guid":{"rendered":"https:\/\/www.europesays.com\/pt\/241800\/"},"modified":"2026-01-23T23:27:13","modified_gmt":"2026-01-23T23:27:13","slug":"dc-anuncia-liga-da-justica-intergalactica","status":"publish","type":"post","link":"https:\/\/www.europesays.com\/pt\/241800\/","title":{"rendered":"DC anuncia Liga da Justi\u00e7a Intergal\u00e1ctica"},"content":{"rendered":"<p class=\"wp-block-yoast-seo-estimated-reading-time yoast-reading-time__wrapper\">Estimated reading time: 2 minutos<\/p>\n<p>Para n\u00e3o perder a tradi\u00e7\u00e3o anual, a <a href=\"https:\/\/ovicio.com.br\/tag\/DC-Comics\/\" target=\"_blank\" rel=\"noreferrer noopener nofollow\">DC Comics<\/a> est\u00e1 preparando uma nova <a href=\"https:\/\/ovicio.com.br\/tag\/Liga-da-Justica\/\" target=\"_blank\" rel=\"noreferrer noopener nofollow\">Liga da Justi\u00e7a<\/a> para 2026. A forma\u00e7\u00e3o in\u00e9dita partir\u00e1 para uma miss\u00e3o intergal\u00e1ctica.<\/p>\n<p>A <strong>Liga da Justi\u00e7a Intergal\u00e1ctica<\/strong> ser\u00e1 um grupo liderado pela<strong> Safira Estrela<\/strong> (Carol Ferris), com <strong>Arqueiro Verde<\/strong>,<strong> Adam Strange<\/strong>, <strong>Galaxy<\/strong> e <strong>Sonhadora<\/strong> como membros. Veja:<\/p>\n<p><img fetchpriority=\"high\" decoding=\"async\" width=\"675\" height=\"1024\" src=\"https:\/\/www.europesays.com\/pt\/wp-content\/uploads\/2026\/01\/20260123-image-13.png\" alt=\"\" class=\"lazyload wp-image-899479\"  data-\/>Divulga\u00e7\u00e3o\/DC Comics<\/p>\n<p>A introdu\u00e7\u00e3o do grupo acontecer\u00e1 em <strong>Justice League Intergalactic Special<\/strong>, uma one-shot que est\u00e1 prevista para ser publicada em 29 de abril nos EUA, e \u00e9 assinada por <strong>Jadzia Axelrod, Nicole Maines <\/strong>e <strong>Travis Moore<\/strong>.<\/p>\n<p>Na trama, a <strong>Liga da Justi\u00e7a<\/strong> principal come\u00e7a a aceitar supervil\u00f5es em suas fileiras, e isso gera um princ\u00edpio de motim entre os her\u00f3is. Em meio a essa tens\u00e3o, <strong>Safira Estrela<\/strong> vai liderar essa equipe intergal\u00e1ctica em uma miss\u00e3o para libertar o planeta Naltor da <strong>Rainha Bruxa<\/strong>. O grupo, no entanto, precisar\u00e1 superar o caos interno e a falta de entrosamento para n\u00e3o sucumbir \u00e0 mente de colmeia da vil\u00e3.<\/p>\n<p>Leia mais sobre Liga da Justi\u00e7a:<\/p>\n<p><strong>Fonte:<\/strong> <a href=\"https:\/\/aiptcomics.com\/2026\/01\/23\/full-april-2026-dc-comics-solicitations\/\" target=\"_blank\" rel=\"noreferrer noopener nofollow\">AIPT<\/a><\/p>\n","protected":false},"excerpt":{"rendered":"Estimated reading time: 2 minutos Para n\u00e3o perder a tradi\u00e7\u00e3o anual, a DC Comics est\u00e1 preparando uma nova&hellip;\n","protected":false},"author":2,"featured_media":241801,"comment_status":"","ping_status":"","sticky":false,"template":"","format":"standard","meta":{"footnotes":"","_share_on_mastodon":"0"},"categories":[140],"tags":[12957,2670,114,115,147,148,12978,45713,146,32,33],"class_list":["post-241800","post","type-post","status-publish","format-standard","has-post-thumbnail","category-filmes","tag-arqueiro-verde","tag-dc-comics","tag-entertainment","tag-entretenimento","tag-film","tag-filmes","tag-liga-da-justica","tag-liga-da-justica-intergalactica","tag-movies","tag-portugal","tag-pt"],"share_on_mastodon":{"url":"https:\/\/pubeurope.com\/@pt\/115947008486618577","error":""},"_links":{"self":[{"href":"https:\/\/www.europesays.com\/pt\/wp-json\/wp\/v2\/posts\/241800","targetHints":{"allow":["GET"]}}],"collection":[{"href":"https:\/\/www.europesays.com\/pt\/wp-json\/wp\/v2\/posts"}],"about":[{"href":"https:\/\/www.europesays.com\/pt\/wp-json\/wp\/v2\/types\/post"}],"author":[{"embeddable":true,"href":"https:\/\/www.europesays.com\/pt\/wp-json\/wp\/v2\/users\/2"}],"replies":[{"embeddable":true,"href":"https:\/\/www.europesays.com\/pt\/wp-json\/wp\/v2\/comments?post=241800"}],"version-history":[{"count":0,"href":"https:\/\/www.europesays.com\/pt\/wp-json\/wp\/v2\/posts\/241800\/revisions"}],"wp:featuredmedia":[{"embeddable":true,"href":"https:\/\/www.europesays.com\/pt\/wp-json\/wp\/v2\/media\/241801"}],"wp:attachment":[{"href":"https:\/\/www.europesays.com\/pt\/wp-json\/wp\/v2\/media?parent=241800"}],"wp:term":[{"taxonomy":"category","embeddable":true,"href":"https:\/\/www.europesays.com\/pt\/wp-json\/wp\/v2\/categories?post=241800"},{"taxonomy":"post_tag","embeddable":true,"href":"https:\/\/www.europesays.com\/pt\/wp-json\/wp\/v2\/tags?post=241800"}],"curies":[{"name":"wp","href":"https:\/\/api.w.org\/{rel}","templated":true}]}}