{"id":24195,"date":"2025-08-11T00:01:07","date_gmt":"2025-08-11T00:01:07","guid":{"rendered":"https:\/\/www.europesays.com\/pt\/24195\/"},"modified":"2025-08-11T00:01:07","modified_gmt":"2025-08-11T00:01:07","slug":"um-morto-em-choque-entre-motas-de-agua-em-marco-de-canaveses-observador","status":"publish","type":"post","link":"https:\/\/www.europesays.com\/pt\/24195\/","title":{"rendered":"Um morto em choque entre motas de \u00e1gua em Marco de Canaveses \u2013 Observador"},"content":{"rendered":"<p>Um homem morreu na sequ\u00eancia de uma colis\u00e3o entre duas motas de \u00e1gua na praia de Bitetos, no Marco de Canavezes. Uma jovem de 15 anos envolvida no acidente sofreu ferimentos que obrigaram a tratamento hospitalar.<\/p>\n<p>Ao Observador, os bombeiros volunt\u00e1rios do Marco de Canavezes confirmaram o envolvimento de duas motas de \u00e1gua no acidente. Numa delas, seguia a v\u00edtima mortal, e noutra, duas jovens de 15 anos.<\/p>\n<p>A jovem foi levada para o hospital de Penafiel, de acordo com o <a href=\"https:\/\/www.cmjornal.pt\/portugal\/detalhe\/entra-em-paragem-cardiorrespiratoria-apos-colisao-entre-duas-motas-de-agua-em-castelo-de-paiva-ha-mais-dois-feridos\" rel=\"nofollow noopener\" target=\"_blank\">Correio da Manh\u00e3<\/a>. A v\u00edtima mortal, que entrou em paragem cardiorrespirat\u00f3ria, foi retirada da \u00e1gua por uma embarca\u00e7\u00e3o tur\u00edstica.<\/p>\n","protected":false},"excerpt":{"rendered":"Um homem morreu na sequ\u00eancia de uma colis\u00e3o entre duas motas de \u00e1gua na praia de Bitetos, no&hellip;\n","protected":false},"author":2,"featured_media":22980,"comment_status":"","ping_status":"","sticky":false,"template":"","format":"standard","meta":{"footnotes":""},"categories":[10],"tags":[59,27,28,15,16,14,25,26,21,22,12,13,19,20,32,23,24,33,58,17,18,29,30,31],"class_list":{"0":"post-24195","1":"post","2":"type-post","3":"status-publish","4":"format-standard","5":"has-post-thumbnail","7":"category-portugal","8":"tag-acidente","9":"tag-breaking-news","10":"tag-breakingnews","11":"tag-featured-news","12":"tag-featurednews","13":"tag-headlines","14":"tag-latest-news","15":"tag-latestnews","16":"tag-main-news","17":"tag-mainnews","18":"tag-news","19":"tag-noticias","20":"tag-noticias-principais","21":"tag-noticiasprincipais","22":"tag-portugal","23":"tag-principais-noticias","24":"tag-principaisnoticias","25":"tag-pt","26":"tag-sociedade","27":"tag-top-stories","28":"tag-topstories","29":"tag-ultimas","30":"tag-ultimas-noticias","31":"tag-ultimasnoticias"},"share_on_mastodon":{"url":"","error":""},"_links":{"self":[{"href":"https:\/\/www.europesays.com\/pt\/wp-json\/wp\/v2\/posts\/24195","targetHints":{"allow":["GET"]}}],"collection":[{"href":"https:\/\/www.europesays.com\/pt\/wp-json\/wp\/v2\/posts"}],"about":[{"href":"https:\/\/www.europesays.com\/pt\/wp-json\/wp\/v2\/types\/post"}],"author":[{"embeddable":true,"href":"https:\/\/www.europesays.com\/pt\/wp-json\/wp\/v2\/users\/2"}],"replies":[{"embeddable":true,"href":"https:\/\/www.europesays.com\/pt\/wp-json\/wp\/v2\/comments?post=24195"}],"version-history":[{"count":0,"href":"https:\/\/www.europesays.com\/pt\/wp-json\/wp\/v2\/posts\/24195\/revisions"}],"wp:featuredmedia":[{"embeddable":true,"href":"https:\/\/www.europesays.com\/pt\/wp-json\/wp\/v2\/media\/22980"}],"wp:attachment":[{"href":"https:\/\/www.europesays.com\/pt\/wp-json\/wp\/v2\/media?parent=24195"}],"wp:term":[{"taxonomy":"category","embeddable":true,"href":"https:\/\/www.europesays.com\/pt\/wp-json\/wp\/v2\/categories?post=24195"},{"taxonomy":"post_tag","embeddable":true,"href":"https:\/\/www.europesays.com\/pt\/wp-json\/wp\/v2\/tags?post=24195"}],"curies":[{"name":"wp","href":"https:\/\/api.w.org\/{rel}","templated":true}]}}