{"id":24198,"date":"2025-08-11T00:03:07","date_gmt":"2025-08-11T00:03:07","guid":{"rendered":"https:\/\/www.europesays.com\/pt\/24198\/"},"modified":"2025-08-11T00:03:07","modified_gmt":"2025-08-11T00:03:07","slug":"giovanna-lancellotti-mostra-momentos-em-renovacao-de-votos-de-giovanna-ewbank-e-bruno-gagliasso","status":"publish","type":"post","link":"https:\/\/www.europesays.com\/pt\/24198\/","title":{"rendered":"Giovanna Lancellotti mostra momentos em renova\u00e7\u00e3o de votos de Giovanna Ewbank e Bruno Gagliasso"},"content":{"rendered":"<p>Em sua rede social, Giovanna Lancellotti mostra fotos tiradas na renova\u00e7\u00e3o de votos de Giovanna Ewbank e Bruno Gagliasso; veja<\/p>\n<p>A atriz <strong>Giovanna Lancellotti<\/strong> marcou presen\u00e7a na renova\u00e7\u00e3o de votos <a href=\"https:\/\/caras.com.br\/tags\/giovanna-ewbank\" rel=\"noopener nofollow\" target=\"_blank\"><strong>Giovanna Ewbank<\/strong><\/a> e <a href=\"https:\/\/caras.com.br\/tags\/bruno-gagliasso\" rel=\"noopener nofollow\" target=\"_blank\"><strong>Bruno Gagliasso<\/strong><\/a> neste s\u00e1bado, 09. A famosa, que se casou recentemente com <strong>Gabriel David<\/strong>, foi com o marido para o evento especial, que aconteceu no rancho da fam\u00edlia Gagliasso, localizado em Membeca, em Para\u00edba do Sul, interior do Rio de Janeiro.<\/p>\n<p>Em sua rede social, a int\u00e9rprete de Kami, de Dona de Mim, novela das sete, postou os cliques na comemora\u00e7\u00e3o de 15 anos do casal e mostrou um pouco de como foi divertida a festan\u00e7a. Usando um vestido marrom, Giovanna Lancellotti surgiu deslumbrante no evento e chamou a aten\u00e7\u00e3o ao surgir ao lado dos noivos.<\/p>\n<p>&#8220;Ontem celebrando o amor e a renova\u00e7\u00e3o dos 15 anos de Giovanna Ewbank e Bruno Gagliasso. Essa pot\u00eancia de casal que eu amo tanto! Muito especial viver esse momento com voc\u00eas! Que venha a vida toda de felicidades e que desse amor que s\u00f3 aumenta&#8221;, escreveu na legenda do \u00e1lbum com registros especiais.<\/p>\n<p>Para celebrarem a uni\u00e3o, Giovanna Ewbank e Bruno Gagliasso optaram por uma cerim\u00f4nia intimista e luxuosa, com cerca de apenas 100 convidados, entre familiares e amigos pr\u00f3ximos do casal. A atriz e apresentadora escolheu um <a href=\"https:\/\/caras.com.br\/noivas\/giovanna-ewbank-revela-seu-vestido-para-renovacao-de-votos-com-bruno-gagliasso.phtml\" rel=\"noopener nofollow\" target=\"_blank\">vestido ousado, com alguns detalhes<\/a> que remetem a algo mais vintage.\u00a0<\/p>\n<p>Filha leva Bruno Gagliasso ao altar em renova\u00e7\u00e3o de votos com Giovanna Ewbank<\/p>\n<p>Dia inesquec\u00edvel para <a href=\"https:\/\/caras.com.br\/tags\/giovanna-ewbank\" rel=\"noopener nofollow\" target=\"_blank\"><strong>Giovanna Ewbank<\/strong><\/a> e <a href=\"https:\/\/caras.com.br\/tags\/bruno-gagliasso\" rel=\"noopener nofollow\" target=\"_blank\"><strong>Bruno Gagliasso<\/strong><\/a>! Casados h\u00e1 15 anos, os atores <a href=\"https:\/\/caras.com.br\/noivas\/giovanna-ewbank-e-bruno-gagliasso-renovam-os-votos-de-casamento-no-rio.phtml\" rel=\"noopener nofollow\" target=\"_blank\">renovaram os votos<\/a> neste s\u00e1bado, 9, no rancho da fam\u00edlia, localizado em Membeca, em Para\u00edba do Sul, interior do Rio de Janeiro.\u00a0<\/p>\n<p>E diferente do primeiro casamento, desta vez, os tr\u00eas filhos do casal ficaram encarregados de levar os pais at\u00e9 o altar. Em um v\u00eddeo compartilhado por Juliette, uma das convidadas do evento, Bruno aparece entrando na cerim\u00f4nia de bra\u00e7os dados com a filha mais velha, <strong>Titi<\/strong>, de 12 anos. <a href=\"https:\/\/caras.com.br\/festas\/filha-leva-bruno-gagliasso-ao-altar-em-renovacao-de-votos-com-giovanna-ewbank.phtml\" rel=\"noopener nofollow\" target=\"_blank\">Veja mais aqui!<\/a><\/p>\n","protected":false},"excerpt":{"rendered":"Em sua rede social, Giovanna Lancellotti mostra fotos tiradas na renova\u00e7\u00e3o de votos de Giovanna Ewbank e Bruno&hellip;\n","protected":false},"author":2,"featured_media":24199,"comment_status":"","ping_status":"","sticky":false,"template":"","format":"standard","meta":{"footnotes":""},"categories":[145],"tags":[3781,211,210,114,115,3780,8310,32,33],"class_list":{"0":"post-24198","1":"post","2":"type-post","3":"status-publish","4":"format-standard","5":"has-post-thumbnail","7":"category-celebridades","8":"tag-bruno-gagliasso","9":"tag-celebridades","10":"tag-celebrities","11":"tag-entertainment","12":"tag-entretenimento","13":"tag-giovanna-ewbank","14":"tag-giovanna-lancellotti","15":"tag-portugal","16":"tag-pt"},"share_on_mastodon":{"url":"","error":""},"_links":{"self":[{"href":"https:\/\/www.europesays.com\/pt\/wp-json\/wp\/v2\/posts\/24198","targetHints":{"allow":["GET"]}}],"collection":[{"href":"https:\/\/www.europesays.com\/pt\/wp-json\/wp\/v2\/posts"}],"about":[{"href":"https:\/\/www.europesays.com\/pt\/wp-json\/wp\/v2\/types\/post"}],"author":[{"embeddable":true,"href":"https:\/\/www.europesays.com\/pt\/wp-json\/wp\/v2\/users\/2"}],"replies":[{"embeddable":true,"href":"https:\/\/www.europesays.com\/pt\/wp-json\/wp\/v2\/comments?post=24198"}],"version-history":[{"count":0,"href":"https:\/\/www.europesays.com\/pt\/wp-json\/wp\/v2\/posts\/24198\/revisions"}],"wp:featuredmedia":[{"embeddable":true,"href":"https:\/\/www.europesays.com\/pt\/wp-json\/wp\/v2\/media\/24199"}],"wp:attachment":[{"href":"https:\/\/www.europesays.com\/pt\/wp-json\/wp\/v2\/media?parent=24198"}],"wp:term":[{"taxonomy":"category","embeddable":true,"href":"https:\/\/www.europesays.com\/pt\/wp-json\/wp\/v2\/categories?post=24198"},{"taxonomy":"post_tag","embeddable":true,"href":"https:\/\/www.europesays.com\/pt\/wp-json\/wp\/v2\/tags?post=24198"}],"curies":[{"name":"wp","href":"https:\/\/api.w.org\/{rel}","templated":true}]}}