{"id":242191,"date":"2026-01-24T08:59:07","date_gmt":"2026-01-24T08:59:07","guid":{"rendered":"https:\/\/www.europesays.com\/pt\/242191\/"},"modified":"2026-01-24T08:59:07","modified_gmt":"2026-01-24T08:59:07","slug":"inem-diz-que-nao-houve-dificuldade-na-ativacao-dos-meios-para-homem-que-morreu-em-abrantes","status":"publish","type":"post","link":"https:\/\/www.europesays.com\/pt\/242191\/","title":{"rendered":"INEM diz que n\u00e3o houve dificuldade na ativa\u00e7\u00e3o dos meios para homem que morreu em Abrantes"},"content":{"rendered":"<p data-remotead-prev-elm=\"true\" data-remotead-elm-id=\"inread\">&#8220;N\u00e3o se registaram dificuldades na ativa\u00e7\u00e3o ou disponibilidade de meios&#8221; nesta situa\u00e7\u00e3o, adiantou o instituto \u00e0 Lusa, salientando que os tempos associados a cada prioridade s\u00e3o metas de refer\u00eancia internacionais que servem de orienta\u00e7\u00e3o \u00e0 resposta, &#8220;n\u00e3o sendo tempos m\u00e1ximos garantidos&#8221;.<\/p>\n<p>Neste caso concreto, o INEM referiu que a chamada para o 112 foi atendida pelo Centro de Orienta\u00e7\u00e3o de Doentes Urgentes (CODU) \u00e0s 7.30 horas de quinta-feira e <strong>classificada como prioridade 1<\/strong>, &#8211; para casos emergentes, ou seja, os mais graves -, tendo sido acionada uma viatura m\u00e9dica de emerg\u00eancia e reanima\u00e7\u00e3o (VMER) \u00e0s 7.32 horas, assim como os bombeiros \u00e0s 7.34 horas.<\/p>\n<p>&#8220;\u00c0s 7.45 horas foi comunicada a paragem cardiorrespirat\u00f3ria, mantendo-se o acompanhamento cl\u00ednico telef\u00f3nico&#8221;, referiu o Instituto Nacional de Emerg\u00eancia M\u00e9dica (INEM), adiantando que a VMER chegou ao local \u00e0s 7.53 horas, um &#8220;tempo compat\u00edvel com a dist\u00e2ncia \u00e0 base dos meios&#8221;, cerca de 18 minutos de percurso at\u00e9 \u00e0 esta\u00e7\u00e3o de comboios do Tramagal.<\/p>\n<p data-remotead-prev-elm=\"true\" data-remotead-elm-id=\"centro1\">Um homem de 45 anos morreu na quinta-feira, em Abrantes, depois de esperar mais de 20 minutos pelos meios de socorro, que <strong>deveriam ter chegado ao local em oito minutos<\/strong>, segundo as prioridades definidas pelo INEM.<\/p>\n<blockquote data-type=\"articles\" data-id=\"related-article-18043866\"><p>\n              <strong>Leia tamb\u00e9m <\/strong><br \/>\n              <a href=\"https:\/\/www.jn.pt\/pais\/artigo\/homem-de-45-anos-morre-em-abrantes-depois-de-esperar-mais-de-20-minutos-por-socorro\/18043866\" rel=\"nofollow noopener\" target=\"_blank\">Homem de 45 anos morre em Abrantes depois de esperar mais de 20 minutos por socorro<\/a>\n            <\/p><\/blockquote>\n<p>Segundo disse \u00e0 Lusa fonte dos bombeiros de Abrantes, no distrito de Santar\u00e9m, o caso ocorreu no exterior da esta\u00e7\u00e3o de comboios e os bombeiros foram acionados pelas 7.34 horas.<\/p>\n<p data-remotead-prev-elm=\"true\" data-remotead-elm-id=\"centro2\">O comandante dos bombeiros de Abrantes disse ser imposs\u00edvel, com as atuais estradas, percorrer a dist\u00e2ncia entre a corpora\u00e7\u00e3o e a esta\u00e7\u00e3o de comboios nos oito minutos previstos pelo INEM.<\/p>\n<p>&#8220;Quando h\u00e1 tr\u00e2nsito e cami\u00f5es, como a via dificulta a ultrapassagem, <strong>chegamos a demorar 35 a 40 minutos<\/strong>&#8220;, disse.<\/p>\n<p>Em declara\u00e7\u00f5es \u00e0 Lusa, o Sindicato dos T\u00e9cnicos de Emerg\u00eancia Pr\u00e9-Hospitalar (STEPH) confirmou que na tarde de quinta-feira houve v\u00e1rias dezenas de ocorr\u00eancias em espera para ser enviado meio de emerg\u00eancia, chegando a estar mais de 60 em simult\u00e2neo, muitas delas com tempos de espera ultrapassados, tendo em conta as prioridades defendidas pelo INEM.<\/p>\n<p data-remotead-prev-elm=\"true\" data-remotead-elm-id=\"centro3\">O <strong>novo sistema de prioridades do INEM<\/strong>, que entrou em vigor no in\u00edcio do ano, define que uma ocorr\u00eancia classificada como P1 (emergente), com crit\u00e9rio cl\u00ednico de &#8220;risco imediato de vida&#8221;, deve ter meios de socorro no local em oito minutos, enquanto nos casos P2 (muito urgentes) os meios devem chegar em 18 minutos.<\/p>\n<p>Para os P3 (urgente) a chegada ao local est\u00e1 definida em at\u00e9 60 minutos e a P4 (pouco urgente) 120 minutos. As ocorr\u00eancias classificadas como P5 n\u00e3o t\u00eam necessidade de envio de meios de emerg\u00eancia e s\u00e3o transferidas para a Linha SNS24.<\/p>\n","protected":false},"excerpt":{"rendered":"&#8220;N\u00e3o se registaram dificuldades na ativa\u00e7\u00e3o ou disponibilidade de meios&#8221; nesta situa\u00e7\u00e3o, adiantou o instituto \u00e0 Lusa, salientando&hellip;\n","protected":false},"author":2,"featured_media":242192,"comment_status":"","ping_status":"","sticky":false,"template":"","format":"standard","meta":{"footnotes":"","_share_on_mastodon":"0"},"categories":[10],"tags":[39836,27,28,2047,15,16,14,25,26,21,22,619,12,13,19,20,2409,32,23,24,33,17,18,29,30,31],"class_list":["post-242191","post","type-post","status-publish","format-standard","has-post-thumbnail","category-portugal","tag-39836","tag-breaking-news","tag-breakingnews","tag-emergencia","tag-featured-news","tag-featurednews","tag-headlines","tag-latest-news","tag-latestnews","tag-main-news","tag-mainnews","tag-nacional","tag-news","tag-noticias","tag-noticias-principais","tag-noticiasprincipais","tag-obito","tag-portugal","tag-principais-noticias","tag-principaisnoticias","tag-pt","tag-top-stories","tag-topstories","tag-ultimas","tag-ultimas-noticias","tag-ultimasnoticias"],"share_on_mastodon":{"url":"https:\/\/pubeurope.com\/@pt\/115949257519790112","error":""},"_links":{"self":[{"href":"https:\/\/www.europesays.com\/pt\/wp-json\/wp\/v2\/posts\/242191","targetHints":{"allow":["GET"]}}],"collection":[{"href":"https:\/\/www.europesays.com\/pt\/wp-json\/wp\/v2\/posts"}],"about":[{"href":"https:\/\/www.europesays.com\/pt\/wp-json\/wp\/v2\/types\/post"}],"author":[{"embeddable":true,"href":"https:\/\/www.europesays.com\/pt\/wp-json\/wp\/v2\/users\/2"}],"replies":[{"embeddable":true,"href":"https:\/\/www.europesays.com\/pt\/wp-json\/wp\/v2\/comments?post=242191"}],"version-history":[{"count":0,"href":"https:\/\/www.europesays.com\/pt\/wp-json\/wp\/v2\/posts\/242191\/revisions"}],"wp:featuredmedia":[{"embeddable":true,"href":"https:\/\/www.europesays.com\/pt\/wp-json\/wp\/v2\/media\/242192"}],"wp:attachment":[{"href":"https:\/\/www.europesays.com\/pt\/wp-json\/wp\/v2\/media?parent=242191"}],"wp:term":[{"taxonomy":"category","embeddable":true,"href":"https:\/\/www.europesays.com\/pt\/wp-json\/wp\/v2\/categories?post=242191"},{"taxonomy":"post_tag","embeddable":true,"href":"https:\/\/www.europesays.com\/pt\/wp-json\/wp\/v2\/tags?post=242191"}],"curies":[{"name":"wp","href":"https:\/\/api.w.org\/{rel}","templated":true}]}}