{"id":24230,"date":"2025-08-11T00:34:18","date_gmt":"2025-08-11T00:34:18","guid":{"rendered":"https:\/\/www.europesays.com\/pt\/24230\/"},"modified":"2025-08-11T00:34:18","modified_gmt":"2025-08-11T00:34:18","slug":"feira-do-livro-tera-fim-de-semana-de-sessoes-de-autografos-e-presenca-de-autora-venezuelana","status":"publish","type":"post","link":"https:\/\/www.europesays.com\/pt\/24230\/","title":{"rendered":"Feira do Livro ter\u00e1 fim de semana de sess\u00f5es de aut\u00f3grafos e presen\u00e7a de autora venezuelana"},"content":{"rendered":"<p>\n                            Atividades ocorrem na Pra\u00e7a Get\u00falio Vargas, onde est\u00e3o presentes os livreiros com suas bancas\n                        <\/p>\n<p>Encerra neste fim de semana em Santa Cruz do Sul ap\u00f3s dias recheados de atividades culturais e incentivo \u00e0 leitura, a <strong>35\u00aa Feira do Livro e a 1\u00aa Festa Liter\u00e1ria Internacional<\/strong>. Com realiza\u00e7\u00e3o do Sesc Santa Cruz do Sul e da Prefeitura Municipal, os eventos t\u00eam Martha Medeiros como patrona, Marli Silveira como escritora homenageada e Elenor Schneider como Personalidade Incentivadora da Leitura. O tema da feira neste ano \u00e9 \u201cAbra livros, abra o mundo\u201d e as atividades ocorrem na Pra\u00e7a Get\u00falio Vargas, onde est\u00e3o presentes os livreiros com suas bancas.<\/p>\n<p>Neste s\u00e1bado (9), a programa\u00e7\u00e3o contar\u00e1 com apresenta\u00e7\u00f5es tradicionalistas, anima\u00e7\u00e3o cultural com o grupo Vivandeiros da Alegria e um encontro com os escritores da Academia de Letras de Santa Cruz do Sul no Palco Principal. Durante a tarde, o Espa\u00e7o<br \/>Caf\u00e9 Dona Boleira recebe uma roda de conversa promovida pelo Grupo Sobre Livros e Leituras e \u00e0 noite haver\u00e1 uma apresenta\u00e7\u00e3o do Grupo de Dan\u00e7a de Sal\u00e3o do Jef\u2019s Studio de Dan\u00e7a.<\/p>\n<p>O dia ser\u00e1 marcado ainda pelos lan\u00e7amentos de livros e sess\u00f5es de aut\u00f3grafos de autores locais. \u00c0s 14h, a homenageada Marli Silveira estar\u00e1 autografando os livros \u201cCorpos Ardidos\u201d e \u201cInvent\u00e1rio das Esta\u00e7\u00f5es\u201d. As escritoras Dulci Alma Hohgraefe e Miriam Ester Theisen lan\u00e7am a obra \u201cA Vida em Espiral\u201d. \u00c0s 15h, os escritores da academia santa-cruzense realizam um lan\u00e7amento coletivo. Haver\u00e1 ainda um lan\u00e7amento da Associa\u00e7\u00e3o Poemas \u00e0 flor da pele. No fim da tarde \u00e0s 18h, a jornalista do grupo Arauto e escritora Paola Severo autografa seu livro de poesias \u201cOx\u00edmoro\u201d.<\/p>\n<p>No Espa\u00e7o Sesc Erico Verissimo 120 anos, o s\u00e1bado ter\u00e1 uma oficina de cria\u00e7\u00e3o liter\u00e1ria pela Associa\u00e7\u00e3o do Pessoal da<br \/>Caixa Econ\u00f4mica Federal e encontros com as escritoras Marli Silveira e Lissi Bender. No Domingo (10), o espa\u00e7o receber\u00e1 atividades com os escritores Ronaldo Wink e Elenor Schneider.<\/p>\n<p>J\u00e1 no domingo a programa\u00e7\u00e3o inicia s\u00f3 \u00e0 tarde e ter\u00e1 anima\u00e7\u00e3o cultural e um bate-papo sobre a Literatura como reflex\u00e3o social. \u00c0s 16h, o palco principal recebe a terceira autora internacional a participar do evento, a escritora venezuelana Maria Elena Moran participa de um bate-papo. O dia contar\u00e1 tamb\u00e9m com uma interven\u00e7\u00e3o do Ateli\u00ea Viv\u00eancias Urbanas, o AVU.<\/p>\n<p>Na tarde de domingo haver\u00e1 o lan\u00e7amento do livro \u201cA Hist\u00f3ria que N\u00e3o Quer Ser Contada\u201d, de Marcia Guimar\u00e3es da Silva e a sess\u00e3o de aut\u00f3grafos da obra M\u00e3es e Filhos Superando a Ansiedade Juntos\u201dde Cibele Crochi \u00e0s 14h. Tamb\u00e9m estar\u00e3o autografando suas obras na ocasi\u00e3o os autores Jo\u00e3o Batista Fontoura Cardoso, Pietro Dolci, Dulci Marlise Pagel Boettcher e Roger Castro.<\/p>\n<p>O encerramento da Feira do Livro ser\u00e1 \u00e0s 19h30min com um show da Banda Ramal 314, que comp\u00f4s a m\u00fasica tema do evento.<\/p>\n","protected":false},"excerpt":{"rendered":"Atividades ocorrem na Pra\u00e7a Get\u00falio Vargas, onde est\u00e3o presentes os livreiros com suas bancas Encerra neste fim de&hellip;\n","protected":false},"author":2,"featured_media":24231,"comment_status":"","ping_status":"","sticky":false,"template":"","format":"standard","meta":{"footnotes":""},"categories":[143],"tags":[169,114,115,170,32,33],"class_list":{"0":"post-24230","1":"post","2":"type-post","3":"status-publish","4":"format-standard","5":"has-post-thumbnail","7":"category-livros","8":"tag-books","9":"tag-entertainment","10":"tag-entretenimento","11":"tag-livros","12":"tag-portugal","13":"tag-pt"},"share_on_mastodon":{"url":"","error":""},"_links":{"self":[{"href":"https:\/\/www.europesays.com\/pt\/wp-json\/wp\/v2\/posts\/24230","targetHints":{"allow":["GET"]}}],"collection":[{"href":"https:\/\/www.europesays.com\/pt\/wp-json\/wp\/v2\/posts"}],"about":[{"href":"https:\/\/www.europesays.com\/pt\/wp-json\/wp\/v2\/types\/post"}],"author":[{"embeddable":true,"href":"https:\/\/www.europesays.com\/pt\/wp-json\/wp\/v2\/users\/2"}],"replies":[{"embeddable":true,"href":"https:\/\/www.europesays.com\/pt\/wp-json\/wp\/v2\/comments?post=24230"}],"version-history":[{"count":0,"href":"https:\/\/www.europesays.com\/pt\/wp-json\/wp\/v2\/posts\/24230\/revisions"}],"wp:featuredmedia":[{"embeddable":true,"href":"https:\/\/www.europesays.com\/pt\/wp-json\/wp\/v2\/media\/24231"}],"wp:attachment":[{"href":"https:\/\/www.europesays.com\/pt\/wp-json\/wp\/v2\/media?parent=24230"}],"wp:term":[{"taxonomy":"category","embeddable":true,"href":"https:\/\/www.europesays.com\/pt\/wp-json\/wp\/v2\/categories?post=24230"},{"taxonomy":"post_tag","embeddable":true,"href":"https:\/\/www.europesays.com\/pt\/wp-json\/wp\/v2\/tags?post=24230"}],"curies":[{"name":"wp","href":"https:\/\/api.w.org\/{rel}","templated":true}]}}