{"id":242596,"date":"2026-01-24T15:29:22","date_gmt":"2026-01-24T15:29:22","guid":{"rendered":"https:\/\/www.europesays.com\/pt\/242596\/"},"modified":"2026-01-24T15:29:22","modified_gmt":"2026-01-24T15:29:22","slug":"portugal-envia-pj-e-especialistas-forenses-a-maputo-para-investigacoes-a-morte-de-banqueiro-portugues-justica","status":"publish","type":"post","link":"https:\/\/www.europesays.com\/pt\/242596\/","title":{"rendered":"Portugal envia PJ e especialistas forenses a Maputo para investiga\u00e7\u00f5es \u00e0 morte de banqueiro portugu\u00eas &#8211; Justi\u00e7a"},"content":{"rendered":"<p class=\"\">&#13;<br \/>\n        Uma equipa composta por elementos da Pol\u00edcia Judici\u00e1ria (PJ) e do Instituto Nacional de Medicina Legal e Ci\u00eancias Forenses parte este fim de semana para Maputo para colaborar com as autoridades mo\u00e7ambicanas na investiga\u00e7\u00e3o \u00e0 morte do empres\u00e1rio portugu\u00eas Pedro Ferraz Reis, administrador do banco BCI, subsidi\u00e1ria em Mo\u00e7ambique do grupo portugu\u00eas Caixa Geral de Dep\u00f3sitos (CGD), que morreu na noite da passada segunda-feira num hotel da capital do pa\u00eds.&#13;\n    <\/p>\n<p class=\"\">&#13;<br \/>\n        &#8220;Na sequ\u00eancia dos contactos com as autoridades de Mo\u00e7ambique, decorridos ao longo desta semana, e no quadro de coopera\u00e7\u00e3o entre autoridades policiais e judici\u00e1rias de ambos os pa\u00edses, seguir\u00e1 neste fim de semana para Maputo uma equipa composta por elementos da Pol\u00edcia Judici\u00e1ria e do Instituto Nacional de Medicina Legal e Ci\u00eancias Forenses. A equipa acompanhar\u00e1 as investiga\u00e7\u00f5es da morte do empres\u00e1rio, Pedro Ferraz Reis, em estreita coopera\u00e7\u00e3o com as autoridades judici\u00e1rias e policiais&#8221;, anunciou o Minist\u00e9rio dos Neg\u00f3cios Estrangeiros, este s\u00e1bado, 24 de janeiro, em comunicado.&#13;\n    <\/p>\n<p class=\"\">&#13;<br \/>\n        As primeiras informa\u00e7\u00f5es que foram tornadas p\u00fablicas davam conta de que as investiga\u00e7\u00f5es policiais apontavam para uma tese de homic\u00eddio mas, 12 horas depois, chegaram novos dados: o Sernic (Servi\u00e7o Nacional de Investiga\u00e7\u00e3o Criminal) teria fechado a investiga\u00e7\u00e3o, e classificado a morte como suic\u00eddio. Depois, o Sernic indicou que ainda n\u00e3o tinha encerrado a investiga\u00e7\u00e3o.&#13;\n    <\/p>\n<p class=\"\">&#13;<br \/>\n        As autoridades policiais mo\u00e7ambicanas come\u00e7aram por anunciar que Pedro Ferraz Correia, de 56 anos, teria sido assassinado, mas, uma d\u00fazia de horas depois, o Servi\u00e7o Nacional de Investiga\u00e7\u00e3o Criminal (Sernic) de Mo\u00e7ambique classificou a morte como suic\u00eddio, contrariando a primeira vers\u00e3o da pol\u00edcia.&#13;\n    <\/p>\n<p class=\"\">&#13;<br \/>\n        Inicialmente, o Sernic disse que teria fechado a investiga\u00e7\u00e3o, mas, mais tarde, van\u00e7ou que ainda n\u00e3o tinha encerrado a investiga\u00e7\u00e3o.&#13;\n    <\/p>\n<p class=\"\">&#13;<br \/>\n        Segundo o Sernic, o empres\u00e1rio portugu\u00eas \u201cter\u00e1 tirado a pr\u00f3pria vida\u201d ao ingerir \u201cveneno para ratos\u201d e \u201cdesferir [com uma de faca de cozinha] v\u00e1rios golpes nos pulsos, nas costas, no pesco\u00e7o e no peito, na zona do cora\u00e7\u00e3o\u201d.&#13;\n    <\/p>\n","protected":false},"excerpt":{"rendered":"&#13; Uma equipa composta por elementos da Pol\u00edcia Judici\u00e1ria (PJ) e do Instituto Nacional de Medicina Legal e&hellip;\n","protected":false},"author":2,"featured_media":236763,"comment_status":"","ping_status":"","sticky":false,"template":"","format":"standard","meta":{"footnotes":"","_share_on_mastodon":"0"},"categories":[8],"tags":[44921,27,28,15,16,14,42115,25,26,21,22,22117,2715,12,13,19,20,32,23,24,33,17,18,29,30,31],"class_list":["post-242596","post","type-post","status-publish","format-standard","has-post-thumbnail","category-principais-noticias","tag-banco-comercial-e-de-investimentos","tag-breaking-news","tag-breakingnews","tag-featured-news","tag-featurednews","tag-headlines","tag-instituto-nacional-de-medicina-legal","tag-latest-news","tag-latestnews","tag-main-news","tag-mainnews","tag-maputo","tag-mocambique","tag-news","tag-noticias","tag-noticias-principais","tag-noticiasprincipais","tag-portugal","tag-principais-noticias","tag-principaisnoticias","tag-pt","tag-top-stories","tag-topstories","tag-ultimas","tag-ultimas-noticias","tag-ultimasnoticias"],"share_on_mastodon":{"url":"","error":"Validation failed: Text character limit of 500 exceeded"},"_links":{"self":[{"href":"https:\/\/www.europesays.com\/pt\/wp-json\/wp\/v2\/posts\/242596","targetHints":{"allow":["GET"]}}],"collection":[{"href":"https:\/\/www.europesays.com\/pt\/wp-json\/wp\/v2\/posts"}],"about":[{"href":"https:\/\/www.europesays.com\/pt\/wp-json\/wp\/v2\/types\/post"}],"author":[{"embeddable":true,"href":"https:\/\/www.europesays.com\/pt\/wp-json\/wp\/v2\/users\/2"}],"replies":[{"embeddable":true,"href":"https:\/\/www.europesays.com\/pt\/wp-json\/wp\/v2\/comments?post=242596"}],"version-history":[{"count":0,"href":"https:\/\/www.europesays.com\/pt\/wp-json\/wp\/v2\/posts\/242596\/revisions"}],"wp:featuredmedia":[{"embeddable":true,"href":"https:\/\/www.europesays.com\/pt\/wp-json\/wp\/v2\/media\/236763"}],"wp:attachment":[{"href":"https:\/\/www.europesays.com\/pt\/wp-json\/wp\/v2\/media?parent=242596"}],"wp:term":[{"taxonomy":"category","embeddable":true,"href":"https:\/\/www.europesays.com\/pt\/wp-json\/wp\/v2\/categories?post=242596"},{"taxonomy":"post_tag","embeddable":true,"href":"https:\/\/www.europesays.com\/pt\/wp-json\/wp\/v2\/tags?post=242596"}],"curies":[{"name":"wp","href":"https:\/\/api.w.org\/{rel}","templated":true}]}}