{"id":243339,"date":"2026-01-25T04:12:07","date_gmt":"2026-01-25T04:12:07","guid":{"rendered":"https:\/\/www.europesays.com\/pt\/243339\/"},"modified":"2026-01-25T04:12:07","modified_gmt":"2026-01-25T04:12:07","slug":"mongagua-e-estado-capacitam-equipes-para-enfrentar-dengue-e-febre-oropouche","status":"publish","type":"post","link":"https:\/\/www.europesays.com\/pt\/243339\/","title":{"rendered":"Mongagu\u00e1 e Estado capacitam equipes para enfrentar Dengue e Febre Oropouche"},"content":{"rendered":"<p>\n\t\t\t\t\t\tO grande diferencial deste treinamento foi a inclus\u00e3o da Febre Oropouche no protocolo de monitoramento \/ Divulga\u00e7\u00e3o\/PMM\n\t\t\t\t\t<\/p>\n<p>A Prefeitura de Mongagu\u00e1, em uma a\u00e7\u00e3o conjunta com o Departamento Regional de <a href=\"https:\/\/www.diariodolitoral.com.br\/tags\/saude\/\" rel=\"nofollow noopener\" target=\"_blank\">Sa\u00fade<\/a> (DRS-IV \u2013 Baixada Santista), realizou na \u00faltima ter\u00e7a-feira (20) uma capacita\u00e7\u00e3o intensiva voltada ao combate das arboviroses.\u00a0<\/p>\n<p><strong>Fa\u00e7a parte do grupo do Di\u00e1rio no <\/strong><a href=\"https:\/\/bit.ly\/CanalDiarioDoLitoral\" target=\"_blank\" rel=\"nofollow noopener\">WhatsApp<\/a> <strong>e<\/strong> <a href=\"https:\/\/t.me\/diariodolitoral\" target=\"_blank\" rel=\"nofollow\">Telegram<\/a><strong>.<br \/>Mantenha-se bem informado.<\/strong><\/p>\n<p>O encontro, sediado no audit\u00f3rio da Secretaria de Educa\u00e7\u00e3o (Seduc), preparou m\u00e9dicos, enfermeiros e agentes de campo (ACS e ACE) para os desafios epidemiol\u00f3gicos de 2026, com \u00eanfase nas novas diretrizes do Minist\u00e9rio da Sa\u00fade.\n\t\t\t<\/p>\n<p class=\"texto-continue listagem-detalhe\">Continua depois da publicidade<\/p>\n<p>O grande diferencial deste treinamento foi a inclus\u00e3o da Febre Oropouche no protocolo de monitoramento, ao lado de doen\u00e7as j\u00e1 conhecidas como Dengue, Chikungunya e Zika V\u00edrus.\u00a0<\/p>\n<p>A integra\u00e7\u00e3o entre as equipes das unidades de sa\u00fade e os agentes que atuam diretamente nos bairros foi apontada como essencial para garantir que a notifica\u00e7\u00e3o de casos suspeitos ocorra com agilidade, permitindo que a gest\u00e3o interrompa a cadeia de transmiss\u00e3o em tempo oportuno.\n\t\t\t<\/p>\n<p class=\"texto-continue listagem-detalhe\">Continua depois da publicidade<\/p>\n<p>Manejo cl\u00ednico e monitoramento rigoroso<\/p>\n<p>Especialistas do DRS-IV orientaram os profissionais sobre como realizar a classifica\u00e7\u00e3o de risco e o manejo cl\u00ednico, priorizando grupos vulner\u00e1veis.\u00a0<\/p>\n<p>Al\u00e9m disso, foi detalhado o fluxo log\u00edstico para a coleta de amostras e o envio ao Instituto Adolfo Lutz (IAL), garantindo que o monitoramento epidemiol\u00f3gico de Mongagu\u00e1 seja preciso e baseado em dados laboratoriais r\u00e1pidos.<\/p>\n<p>A coordenadora da Vigil\u00e2ncia Epidemiol\u00f3gica, Nadya Gurgel, refor\u00e7ou que cada profissional de sa\u00fade atua como um sentinela estrat\u00e9gico.\u00a0\n\t\t\t<\/p>\n<p class=\"texto-continue listagem-detalhe\">Continua depois da publicidade<\/p>\n<p>Segundo ela, a rapidez na notifica\u00e7\u00e3o compuls\u00f3ria \u00e9 o que permite ao munic\u00edpio adotar medidas de bloqueio eficazes antes que um surto se espalhe.<\/p>\n<p>A\u00e7\u00f5es de ver\u00e3o e apoio da popula\u00e7\u00e3o<\/p>\n<p>Com base nos \u00edndices larv\u00e1rios registrados no \u00faltimo ano, as equipes planejaram a\u00e7\u00f5es preventivas para este per\u00edodo de ver\u00e3o, \u00e9poca em que o calor e as chuvas favorecem a prolifera\u00e7\u00e3o de mosquitos.\u00a0<\/p>\n<p>A Prefeitura de Mongagu\u00e1 ressalta que o combate \u00e0s doen\u00e7as \u00e9 um esfor\u00e7o coletivo e solicita que os moradores colaborem eliminando criadouros em suas resid\u00eancias.\n\t\t\t<\/p>\n<p class=\"texto-continue listagem-detalhe\">Continua depois da publicidade<\/p>\n<p>Fique alerta aos sintomas:<\/p>\n<ul>&#13;<\/p>\n<li>Febre alta e persistente;<\/li>\n<p>&#13;<\/p>\n<li>Dores intensas nas articula\u00e7\u00f5es;<\/li>\n<p>&#13;<\/p>\n<li>Manchas vermelhas pelo corpo.<\/li>\n<p>&#13;\n<\/ul>\n<p>Em caso de qualquer um desses sinais, a orienta\u00e7\u00e3o \u00e9 procurar imediatamente uma Unidade de Sa\u00fade ou a Unidade de Pronto Atendimento (UPA).\u00a0<\/p>\n<p>Den\u00fancias de focos de mosquitos podem ser feitas via Ouvidoria Municipal ou diretamente aos Agentes Comunit\u00e1rios de Sa\u00fade.\n\t\t\t<\/p>\n<p class=\"texto-continue listagem-detalhe\">Continua depois da publicidade<\/p>\n","protected":false},"excerpt":{"rendered":"O grande diferencial deste treinamento foi a inclus\u00e3o da Febre Oropouche no protocolo de monitoramento \/ Divulga\u00e7\u00e3o\/PMM A&hellip;\n","protected":false},"author":2,"featured_media":243340,"comment_status":"","ping_status":"","sticky":false,"template":"","format":"standard","meta":{"footnotes":"","_share_on_mastodon":"0"},"categories":[86],"tags":[116,41217,32,33,117],"class_list":["post-243339","post","type-post","status-publish","format-standard","has-post-thumbnail","category-saude","tag-health","tag-mongagua","tag-portugal","tag-pt","tag-saude"],"share_on_mastodon":{"url":"https:\/\/pubeurope.com\/@pt\/115953791380164639","error":""},"_links":{"self":[{"href":"https:\/\/www.europesays.com\/pt\/wp-json\/wp\/v2\/posts\/243339","targetHints":{"allow":["GET"]}}],"collection":[{"href":"https:\/\/www.europesays.com\/pt\/wp-json\/wp\/v2\/posts"}],"about":[{"href":"https:\/\/www.europesays.com\/pt\/wp-json\/wp\/v2\/types\/post"}],"author":[{"embeddable":true,"href":"https:\/\/www.europesays.com\/pt\/wp-json\/wp\/v2\/users\/2"}],"replies":[{"embeddable":true,"href":"https:\/\/www.europesays.com\/pt\/wp-json\/wp\/v2\/comments?post=243339"}],"version-history":[{"count":0,"href":"https:\/\/www.europesays.com\/pt\/wp-json\/wp\/v2\/posts\/243339\/revisions"}],"wp:featuredmedia":[{"embeddable":true,"href":"https:\/\/www.europesays.com\/pt\/wp-json\/wp\/v2\/media\/243340"}],"wp:attachment":[{"href":"https:\/\/www.europesays.com\/pt\/wp-json\/wp\/v2\/media?parent=243339"}],"wp:term":[{"taxonomy":"category","embeddable":true,"href":"https:\/\/www.europesays.com\/pt\/wp-json\/wp\/v2\/categories?post=243339"},{"taxonomy":"post_tag","embeddable":true,"href":"https:\/\/www.europesays.com\/pt\/wp-json\/wp\/v2\/tags?post=243339"}],"curies":[{"name":"wp","href":"https:\/\/api.w.org\/{rel}","templated":true}]}}