{"id":24380,"date":"2025-08-11T04:26:23","date_gmt":"2025-08-11T04:26:23","guid":{"rendered":"https:\/\/www.europesays.com\/pt\/24380\/"},"modified":"2025-08-11T04:26:23","modified_gmt":"2025-08-11T04:26:23","slug":"ana-hickmann-homenageia-noivo-edu-guedes-no-dia-dos-pais","status":"publish","type":"post","link":"https:\/\/www.europesays.com\/pt\/24380\/","title":{"rendered":"Ana Hickmann homenageia noivo Edu Guedes no Dia dos Pais"},"content":{"rendered":"<p>A apresentadora Ana Hickmann comemorou o Dia dos Pais neste domingo (10) e decidiu fazer uma homenagem ao noivo, Edu Guedes, no Instagram.<\/p>\n<p>Na publica\u00e7\u00e3o, a artista escreveu:\u00a0<\/p>\n<p>&#8220;No dicion\u00e1rio a palavra pai significa quem gerou.\u00a0J\u00e1 na tradi\u00e7\u00e3o b\u00edblica a palavra pai carrega a ideia de \u201cquem cuida\u201d. Na vida eu aprendi que pai \u00e9 seguran\u00e7a e amor.\u00a0A Maria \u00e9 aben\u00e7oada pelo pai que ela tem. O melhor pai do mundo!! @eduguedesoficial voc\u00ea \u00e9 exemplo do real significado da palavra pai. Te amo muito!!!! Feliz dia dos pais&#8221;.<\/p>\n<blockquote class=\"instagram-media\" style=\"background: #FFF; border: 0; border-radius: 3px; box-shadow: 0 0 1px 0 rgba(0,0,0,0.5),0 1px 10px 0 rgba(0,0,0,0.15); margin: 1px; max-width: 540px; min-width: 326px; padding: 0; width: calc(100% - 2px);\" data-instgrm-captioned=\"\" data-instgrm-permalink=\"https:\/\/www.instagram.com\/p\/DNLKo68NY1F\/?utm_source=ig_embed&amp;utm_campaign=loading\" data-instgrm-version=\"14\"><p>&#13;<br \/>\n&#13;\n<\/p><\/blockquote>\n<p>A legenda acompanhou um \u00e1lbum de fotos com registros de Edu e sua filha Maria Eduarda, 16, fruto do casamento com a empres\u00e1ria Daniela Zurita. Retratos de Edu com o filho de Ana, Alezinho, 10, fruto da rela\u00e7\u00e3o com Alexandre Correa, tamb\u00e9m foram publicados no carrossel de fotos.\u00a0<\/p>\n<p>Ana e Edu est\u00e3o juntos oficialmente desde mar\u00e7o de 2024, mas a aproxima\u00e7\u00e3o come\u00e7ou no final de 2023, quando o cozinheiro resolveu prestar apoio \u00e0 amiga durante o div\u00f3rcio complicado com Alexandre Correa, que teve den\u00fancia de viol\u00eancia dom\u00e9stica.<\/p>\n<p>            <script async src=\"\/\/www.instagram.com\/embed.js\"><\/script><\/p>\n","protected":false},"excerpt":{"rendered":"A apresentadora Ana Hickmann comemorou o Dia dos Pais neste domingo (10) e decidiu fazer uma homenagem ao&hellip;\n","protected":false},"author":2,"featured_media":24381,"comment_status":"","ping_status":"","sticky":false,"template":"","format":"standard","meta":{"footnotes":""},"categories":[145],"tags":[6500,211,210,8209,6497,114,115,32,33],"class_list":{"0":"post-24380","1":"post","2":"type-post","3":"status-publish","4":"format-standard","5":"has-post-thumbnail","7":"category-celebridades","8":"tag-ana-hickmann","9":"tag-celebridades","10":"tag-celebrities","11":"tag-dia-dos-pais","12":"tag-edu-guedes","13":"tag-entertainment","14":"tag-entretenimento","15":"tag-portugal","16":"tag-pt"},"share_on_mastodon":{"url":"","error":""},"_links":{"self":[{"href":"https:\/\/www.europesays.com\/pt\/wp-json\/wp\/v2\/posts\/24380","targetHints":{"allow":["GET"]}}],"collection":[{"href":"https:\/\/www.europesays.com\/pt\/wp-json\/wp\/v2\/posts"}],"about":[{"href":"https:\/\/www.europesays.com\/pt\/wp-json\/wp\/v2\/types\/post"}],"author":[{"embeddable":true,"href":"https:\/\/www.europesays.com\/pt\/wp-json\/wp\/v2\/users\/2"}],"replies":[{"embeddable":true,"href":"https:\/\/www.europesays.com\/pt\/wp-json\/wp\/v2\/comments?post=24380"}],"version-history":[{"count":0,"href":"https:\/\/www.europesays.com\/pt\/wp-json\/wp\/v2\/posts\/24380\/revisions"}],"wp:featuredmedia":[{"embeddable":true,"href":"https:\/\/www.europesays.com\/pt\/wp-json\/wp\/v2\/media\/24381"}],"wp:attachment":[{"href":"https:\/\/www.europesays.com\/pt\/wp-json\/wp\/v2\/media?parent=24380"}],"wp:term":[{"taxonomy":"category","embeddable":true,"href":"https:\/\/www.europesays.com\/pt\/wp-json\/wp\/v2\/categories?post=24380"},{"taxonomy":"post_tag","embeddable":true,"href":"https:\/\/www.europesays.com\/pt\/wp-json\/wp\/v2\/tags?post=24380"}],"curies":[{"name":"wp","href":"https:\/\/api.w.org\/{rel}","templated":true}]}}