{"id":24483,"date":"2025-08-11T07:26:05","date_gmt":"2025-08-11T07:26:05","guid":{"rendered":"https:\/\/www.europesays.com\/pt\/24483\/"},"modified":"2025-08-11T07:26:05","modified_gmt":"2025-08-11T07:26:05","slug":"uma-palhaca-no-hospital","status":"publish","type":"post","link":"https:\/\/www.europesays.com\/pt\/24483\/","title":{"rendered":"Uma palha\u00e7a no hospital"},"content":{"rendered":"<p dir=\"ltr\">No livro\u00a0Do riso ao soro &#8211; Reflex\u00f5es de uma palha\u00e7a no hospital e a incr\u00edvel jornada dos afetos, a multiartista Tereza Gontijo convida o leitor a partilhar sua experi\u00eancia como palha\u00e7a profissional atuando em hospitais, atrav\u00e9s da associa\u00e7\u00e3o Doutores da Alegria.<\/p>\n<p dir=\"ltr\">A publica\u00e7\u00e3o, primeiro apresentada em formato digital, em agosto de 2024, acaba de ganhar a vers\u00e3o impressa, pela editora Urutau, e ser\u00e1 lan\u00e7ada em Belo Horizonte nesta ter\u00e7a-feira (12), \u00e0s 18h, no Teatro de Bolso J\u00falio Mackenzie, do Sesc Palladium (Rua Rio\u00a0de Janeiro, 1046 &#8211; Centro), como parte da programa\u00e7\u00e3o do Palco Girat\u00f3rio, do Sesc, e do Festival Mundial de Circo. Com dura\u00e7\u00e3o de 80 minutos, a entrada \u00e9 gratuita, com retirada pr\u00e9via de ingressos, direto na bilheteria.<\/p>\n<p dir=\"ltr\">H\u00e1 17 anos, Tereza d\u00e1 vida a Guadalupe, e com a palha\u00e7a vivencia hist\u00f3rias de luta em alas pedi\u00e1tricas e adultas de institui\u00e7\u00f5es p\u00fablicas de sa\u00fade em Belo Horizonte, S\u00e3o Paulo e Rio\u00a0de Janeiro. Mineira de BH radicada em S\u00e3o Paulo, ela constr\u00f3i uma narrativa afetuosa e introspectiva que conecta epis\u00f3dios pessoais e o que lhe \u00e9 apresentado nos hospitais, um trabalho que, segundo Tereza, transforma sua percep\u00e7\u00e3o de humanidade.<\/p>\n<p dir=\"ltr\">A jornada \u00e9 de levar alegria para pacientes, fam\u00edlias, enfermeiros, m\u00e9dicos e funcion\u00e1rios. &#8220;O livro \u00e9 um\u00a0 mergulho investigativo. Examino como o encontro do humor com a dor, o desconforto e a morte, possibilitou o desvelamento da profundeza humana, suas fragilidades, pot\u00eancias e mist\u00e9rios&#8221;, diz Tereza. Tudo o que guia sua carreira e revela sua grande paix\u00e3o: as pessoas, suas hist\u00f3rias de vida e a possibilidade do encontro.<\/p>\n<p dir=\"ltr\">A narrativa n\u00e3o apenas explora a transforma\u00e7\u00e3o pessoal da autora, como instiga o leitor a refletir sobre a autenticidade e os afetos em sua pr\u00f3pria vida. Oferece a oportunidade de apreciar a beleza das experi\u00eancias humanas e pensar sobre as conex\u00f5es que tornam a exist\u00eancia mais significativa.<\/p>\n<p dir=\"ltr\"><strong>SERVI\u00c7O<\/strong><\/p>\n<p dir=\"ltr\"><strong>Livro:<\/strong> Do riso ao soro<\/p>\n<p dir=\"ltr\"><strong>Autor<\/strong>a: Tereza Gontijo<\/p>\n<p dir=\"ltr\">Editora: Urutau<\/p>\n<p dir=\"ltr\"><strong>N\u00famero de p\u00e1ginas<\/strong>: 210<\/p>\n<p dir=\"ltr\"><strong>Pre\u00e7o<\/strong>: R$ 58<\/p>\n<p dir=\"ltr\"><strong>Onde encontrar:<\/strong>\u00a0<a href=\"http:\/\/editoraurutau.com\/\" target=\"_blank\" rel=\"nofollow noopener noreferrer\">editoraurutau.com<\/a><\/p>\n","protected":false},"excerpt":{"rendered":"No livro\u00a0Do riso ao soro &#8211; Reflex\u00f5es de uma palha\u00e7a no hospital e a incr\u00edvel jornada dos afetos,&hellip;\n","protected":false},"author":2,"featured_media":24484,"comment_status":"","ping_status":"","sticky":false,"template":"","format":"standard","meta":{"footnotes":""},"categories":[143],"tags":[169,114,115,237,170,8465,32,33,8466,2387],"class_list":{"0":"post-24483","1":"post","2":"type-post","3":"status-publish","4":"format-standard","5":"has-post-thumbnail","7":"category-livros","8":"tag-books","9":"tag-entertainment","10":"tag-entretenimento","11":"tag-livro","12":"tag-livros","13":"tag-palhaca","14":"tag-portugal","15":"tag-pt","16":"tag-riso","17":"tag-teatro"},"share_on_mastodon":{"url":"","error":""},"_links":{"self":[{"href":"https:\/\/www.europesays.com\/pt\/wp-json\/wp\/v2\/posts\/24483","targetHints":{"allow":["GET"]}}],"collection":[{"href":"https:\/\/www.europesays.com\/pt\/wp-json\/wp\/v2\/posts"}],"about":[{"href":"https:\/\/www.europesays.com\/pt\/wp-json\/wp\/v2\/types\/post"}],"author":[{"embeddable":true,"href":"https:\/\/www.europesays.com\/pt\/wp-json\/wp\/v2\/users\/2"}],"replies":[{"embeddable":true,"href":"https:\/\/www.europesays.com\/pt\/wp-json\/wp\/v2\/comments?post=24483"}],"version-history":[{"count":0,"href":"https:\/\/www.europesays.com\/pt\/wp-json\/wp\/v2\/posts\/24483\/revisions"}],"wp:featuredmedia":[{"embeddable":true,"href":"https:\/\/www.europesays.com\/pt\/wp-json\/wp\/v2\/media\/24484"}],"wp:attachment":[{"href":"https:\/\/www.europesays.com\/pt\/wp-json\/wp\/v2\/media?parent=24483"}],"wp:term":[{"taxonomy":"category","embeddable":true,"href":"https:\/\/www.europesays.com\/pt\/wp-json\/wp\/v2\/categories?post=24483"},{"taxonomy":"post_tag","embeddable":true,"href":"https:\/\/www.europesays.com\/pt\/wp-json\/wp\/v2\/tags?post=24483"}],"curies":[{"name":"wp","href":"https:\/\/api.w.org\/{rel}","templated":true}]}}