{"id":24505,"date":"2025-08-11T07:45:03","date_gmt":"2025-08-11T07:45:03","guid":{"rendered":"https:\/\/www.europesays.com\/pt\/24505\/"},"modified":"2025-08-11T07:45:03","modified_gmt":"2025-08-11T07:45:03","slug":"cinco-praticas-simples-que-ajudam-a-prevenir-o-alzheimer-segundo-especialista-joseval-carneiro","status":"publish","type":"post","link":"https:\/\/www.europesays.com\/pt\/24505\/","title":{"rendered":"Cinco pr\u00e1ticas simples que ajudam a prevenir o Alzheimer, segundo especialista Joseval Carneiro"},"content":{"rendered":"<p style=\"text-align: justify;\" data-start=\"442\" data-end=\"1014\">O escritor, psicoterapeuta e advogado <strong data-start=\"708\" data-end=\"728\">Joseval Carneiro<\/strong> apresenta cinco medidas pr\u00e1ticas para reduzir o risco de desenvolvimento do Alzheimer. A doen\u00e7a, que j\u00e1 \u00e9 considerada por especialistas como uma das \u201cdoen\u00e7as do s\u00e9culo\u201d ao lado da ansiedade e da depress\u00e3o, pode, segundo o autor, ser prevenida por meio de mudan\u00e7as simples de h\u00e1bitos.<\/p>\n<p>Azeite de oliva como aliado da sa\u00fade cerebral<\/p>\n<p style=\"text-align: justify;\" data-start=\"1077\" data-end=\"1496\">De acordo com Carneiro, <strong data-start=\"1101\" data-end=\"1153\">o consumo di\u00e1rio de azeite de oliva extra virgem<\/strong> \u2013 seja em saladas, p\u00e3es ou massas \u2013 contribui para a redu\u00e7\u00e3o das placas oclusivas na circula\u00e7\u00e3o cerebral. Ele cita estudos da <strong data-start=\"1280\" data-end=\"1326\">Universidade de Temple, nos Estados Unidos<\/strong>, que demonstram a efic\u00e1cia do azeite na prote\u00e7\u00e3o das fun\u00e7\u00f5es cognitivas, destacando-o como uma alternativa mais saud\u00e1vel \u00e0s gorduras de origem animal, como a manteiga.<\/p>\n<p>Evitar ultraprocessados e gorduras saturadas<\/p>\n<p style=\"text-align: justify;\" data-start=\"1558\" data-end=\"1910\">O autor alerta para os riscos dos <strong data-start=\"1592\" data-end=\"1652\">alimentos ultraprocessados e ricos em gorduras saturadas<\/strong>, como lingui\u00e7as, chouri\u00e7os e biscoitos industrializados. Segundo ele, o consumo prolongado desses produtos contribui para o entupimento das art\u00e9rias cerebrais e card\u00edacas, aumentando a probabilidade de <strong data-start=\"1855\" data-end=\"1907\">dem\u00eancia e acidentes vasculares cerebrais (AVCs)<\/strong>.<\/p>\n<p>Modera\u00e7\u00e3o no consumo de a\u00e7\u00facares<\/p>\n<p style=\"text-align: justify;\" data-start=\"1960\" data-end=\"2222\">Carneiro classifica os a\u00e7\u00facares refinados como <strong data-start=\"2007\" data-end=\"2028\">\u201cvenenos brancos\u201d<\/strong>, alertando tamb\u00e9m para o sal e a farinha de trigo. Ele aponta que o consumo excessivo de a\u00e7\u00facar est\u00e1 ligado a danos nos nervos \u00f3pticos e auditivos, podendo levar \u00e0 cegueira e surdez precoces.<\/p>\n<p style=\"text-align: justify;\" data-start=\"2224\" data-end=\"2695\">Citando pesquisas da <strong data-start=\"2245\" data-end=\"2269\">Universidade de Bath<\/strong> e do <strong data-start=\"2275\" data-end=\"2304\">King\u2019s College de Londres<\/strong>, o especialista observa que a glica\u00e7\u00e3o cerebral \u2013 causada pela ingest\u00e3o exagerada de a\u00e7\u00facar \u2013 foi detectada tanto em pacientes com Alzheimer quanto naqueles sem a doen\u00e7a, refor\u00e7ando a necessidade de modera\u00e7\u00e3o. Ele tamb\u00e9m critica a busca por m\u00e9todos r\u00e1pidos de emagrecimento, como o uso indiscriminado das chamadas \u201ccanetas\u201d para perda de peso, em detrimento de exerc\u00edcios f\u00edsicos di\u00e1rios.<\/p>\n<p>Controle de doen\u00e7as cr\u00f4nicas com atividade f\u00edsica<\/p>\n<p style=\"text-align: justify;\" data-start=\"2762\" data-end=\"3030\">O texto destaca que doen\u00e7as como <strong data-start=\"2795\" data-end=\"2821\">diabetes e hipertens\u00e3o<\/strong> aumentam em <strong data-start=\"2834\" data-end=\"2862\">73% o risco de Alzheimer<\/strong>. Para reduzir essa vulnerabilidade, Carneiro recomenda a pr\u00e1tica de <strong data-start=\"2931\" data-end=\"2963\">exerc\u00edcios f\u00edsicos regulares<\/strong>, com pelo menos 30 minutos de atividade em cinco dias da semana.<\/p>\n<p style=\"text-align: justify;\" data-start=\"3032\" data-end=\"3349\">Entre as orienta\u00e7\u00f5es, ele sugere a realiza\u00e7\u00e3o de provas de esfor\u00e7o, exerc\u00edcios com pesos e a pr\u00e1tica de respira\u00e7\u00e3o profunda. A recomenda\u00e7\u00e3o \u00e9 que tais atividades sejam feitas preferencialmente com acompanhamento m\u00e9dico, conforme indica o neurologista <strong data-start=\"3283\" data-end=\"3305\">Dr. Clifford Segil<\/strong>, do Hospital Santa M\u00f4nica, na Calif\u00f3rnia.<\/p>\n<p>Modera\u00e7\u00e3o no consumo de \u00e1lcool<\/p>\n<p style=\"text-align: justify;\" data-start=\"3397\" data-end=\"3691\">Por fim, o especialista adverte que <strong data-start=\"3433\" data-end=\"3486\">o consumo de \u00e1lcool \u00e9 um fator de risco relevante<\/strong> para o Alzheimer, pois provoca danos a \u00f3rg\u00e3os como f\u00edgado e est\u00f4mago, al\u00e9m de comprometer a sa\u00fade cerebral. O abuso pode levar \u00e0 <strong data-start=\"3616\" data-end=\"3641\">S\u00edndrome de Korsakoff<\/strong>, caracterizada por perda de mem\u00f3ria e dem\u00eancia.<\/p>\n<p style=\"text-align: justify;\" data-start=\"3693\" data-end=\"3885\">Embora reconhe\u00e7a que flavonoides presentes no vinho tinto possam ajudar a combater radicais livres, Carneiro ressalta que os efeitos a longo prazo ainda deixam res\u00edduos prejudiciais \u00e0 sa\u00fade.<\/p>\n<p><strong data-start=\"2293\" data-end=\"2310\">Sobre o autor<\/strong><\/p>\n<p style=\"text-align: justify;\" data-start=\"2312\" data-end=\"2598\"><strong data-start=\"2312\" data-end=\"2332\">Joseval Carneiro<\/strong>\u00a0(<strong data-start=\"249\" data-end=\"271\"><a class=\"cursor-pointer\" rel=\"noopener\" data-start=\"251\" data-end=\"269\">joseval@plenus.net)\u00a0<\/a><\/strong>\u00e9 psicoterapeuta, advogado, palestrante, escritor e jornalista. \u00c9 membro da\u00a0<strong data-start=\"2409\" data-end=\"2449\">Associa\u00e7\u00e3o Bahiana de Imprensa (ABI)<\/strong>, da\u00a0<strong data-start=\"2454\" data-end=\"2493\">Ordem dos Advogados do Brasil (OAB)<\/strong>, do\u00a0<strong data-start=\"2498\" data-end=\"2543\">Instituto dos Advogados Brasileiros (IAB)<\/strong>\u00a0e\u00a0<strong data-start=\"2546\" data-end=\"2597\">Vice-Presidente da Academia de Cultura da Bahia<\/strong>.<\/p>\n<p>Like this:<\/p>\n<p>Like Loading&#8230;<\/p>\n<p><a class=\"sd-link-color\"\/><\/p>\n<p>\n\tRelacionado\n<\/p>\n<p>\tDiscover more from Jornal Grande Bahia (JGB)<\/p>\n<p class=\"has-text-align-center\" style=\"margin-top:10px;margin-bottom:10px;font-size:15px\">Subscribe to get the latest posts sent to your email.<\/p>\n","protected":false},"excerpt":{"rendered":"O escritor, psicoterapeuta e advogado Joseval Carneiro apresenta cinco medidas pr\u00e1ticas para reduzir o risco de desenvolvimento do&hellip;\n","protected":false},"author":2,"featured_media":24506,"comment_status":"","ping_status":"","sticky":false,"template":"","format":"standard","meta":{"footnotes":""},"categories":[86],"tags":[116,8471,32,33,117,8472],"class_list":{"0":"post-24505","1":"post","2":"type-post","3":"status-publish","4":"format-standard","5":"has-post-thumbnail","7":"category-saude","8":"tag-health","9":"tag-joseval-carneiro","10":"tag-portugal","11":"tag-pt","12":"tag-saude","13":"tag-saude-e-bem-estar"},"share_on_mastodon":{"url":"","error":""},"_links":{"self":[{"href":"https:\/\/www.europesays.com\/pt\/wp-json\/wp\/v2\/posts\/24505","targetHints":{"allow":["GET"]}}],"collection":[{"href":"https:\/\/www.europesays.com\/pt\/wp-json\/wp\/v2\/posts"}],"about":[{"href":"https:\/\/www.europesays.com\/pt\/wp-json\/wp\/v2\/types\/post"}],"author":[{"embeddable":true,"href":"https:\/\/www.europesays.com\/pt\/wp-json\/wp\/v2\/users\/2"}],"replies":[{"embeddable":true,"href":"https:\/\/www.europesays.com\/pt\/wp-json\/wp\/v2\/comments?post=24505"}],"version-history":[{"count":0,"href":"https:\/\/www.europesays.com\/pt\/wp-json\/wp\/v2\/posts\/24505\/revisions"}],"wp:featuredmedia":[{"embeddable":true,"href":"https:\/\/www.europesays.com\/pt\/wp-json\/wp\/v2\/media\/24506"}],"wp:attachment":[{"href":"https:\/\/www.europesays.com\/pt\/wp-json\/wp\/v2\/media?parent=24505"}],"wp:term":[{"taxonomy":"category","embeddable":true,"href":"https:\/\/www.europesays.com\/pt\/wp-json\/wp\/v2\/categories?post=24505"},{"taxonomy":"post_tag","embeddable":true,"href":"https:\/\/www.europesays.com\/pt\/wp-json\/wp\/v2\/tags?post=24505"}],"curies":[{"name":"wp","href":"https:\/\/api.w.org\/{rel}","templated":true}]}}