{"id":24532,"date":"2025-08-11T08:20:10","date_gmt":"2025-08-11T08:20:10","guid":{"rendered":"https:\/\/www.europesays.com\/pt\/24532\/"},"modified":"2025-08-11T08:20:10","modified_gmt":"2025-08-11T08:20:10","slug":"apple-planeia-lancar-nova-geracao-da-siri-na-primavera-de-2026","status":"publish","type":"post","link":"https:\/\/www.europesays.com\/pt\/24532\/","title":{"rendered":"Apple planeia lan\u00e7ar nova gera\u00e7\u00e3o da Siri na primavera de 2026"},"content":{"rendered":"<p>A Apple planeia lan\u00e7ar oficialmente a nova gera\u00e7\u00e3o da assistente digital Siri na primavera de 2026. A informa\u00e7\u00e3o foi avan\u00e7ada pelo jornalista Mark Gurman da Bloomberg, que indica que esta gera\u00e7\u00e3o da Siri ser\u00e1 (muito possivelmente) lan\u00e7ada como parte da atualiza\u00e7\u00e3o iOS 26.4.<\/p>\n<p>\u00a0<\/p>\n<p>Serve recordar que a esta nova Siri equipada com Intelig\u00eancia Artificial estava originalmente prevista para o iOS 18 em 2024 mas, devido a atrasos no desenvolvimento da tecnologia, levaram a Apple a adiar oficialmente a chegada da nova gera\u00e7\u00e3o da sua assistente digital.<\/p>\n<p>Entretanto, Gurman partilhou alguns detalhes sobre o funcionamento da nova Siri, apontando para um novo sistema de nome \u201capp intents\u201d (ou inten\u00e7\u00f5es da aplica\u00e7\u00e3o, em portugu\u00eas). Este sistema servir\u00e1 para o utilizador dar ordens \u00e0 Siri para realizar determinadas tarefas em outras aplica\u00e7\u00f5es, uma premissa que est\u00e1 a fazer com que a Apple esteja a adotar uma abordagem cautelosa.<\/p>\n<p>\u201cH\u00e1 receios que o \u2018software\u2019 falhe em categorias onde a precis\u00e3o n\u00e3o \u00e9 negoci\u00e1vel, como na sa\u00fade e aplica\u00e7\u00f5es banc\u00e1rias\u201d, afirma Gurman.<\/p>\n<p>\u00c9 para assegurar-se que a nova Siri funciona como pretendido que a Apple tem, alegadamente, trabalhado de perto com v\u00e1rias empresas com apps conhecidas &#8211; como a Amazon, a Uber, o WhatsApp e o YouTube &#8211; de forma a garantir que os erros s\u00e3o t\u00e3o reduzidos quanto poss\u00edvel. No entanto, n\u00e3o est\u00e1 fora de hip\u00f3tese que certas categorias (como as referidas por Gurman) venham a estar fora do alcance da Siri.<\/p>\n<p>Teremos de aguardar pela Apple para termos novidades sobre a nova gera\u00e7\u00e3o da Siri mas, com um novo evento da \u2018Empresa da Ma\u00e7\u00e3\u2019 j\u00e1 previsto para o come\u00e7o de setembro, \u00e9 poss\u00edvel que tenhamos em breve a oportunidade de ver esta funcionalidade da assistente digital em a\u00e7\u00e3o.<\/p>\n<p><img decoding=\"async\" src=\"https:\/\/www.europesays.com\/pt\/wp-content\/uploads\/2025\/08\/naom_610107a6ec4ec.jpg\" border=\"0\" alt=\"Documentos na Alemanha podem ter revelado data do an\u00fancio do iPhone 17\"\/><\/p>\n<p>A s\u00e9rie iPhone 17 dever\u00e1 ser anunciada uma ter\u00e7a-feira no come\u00e7o de setembro, cumprindo assim aquela que tem sido a tradi\u00e7\u00e3o da Apple nos \u00faltimos anos. As datas do come\u00e7o do per\u00edodo de pr\u00e9-compra e da chegada \u00e0s lojas tamb\u00e9m parecem ter sido reveladas.<\/p>\n<p> Miguel Patinha Dias | 14:31 &#8211; 05\/08\/2025 <\/p>\n<p>Intelig\u00eancia Artificial com o ChatGPT<\/p>\n<p>Recordar, todavia, que antes da chegada da nova Siri ser\u00e1 poss\u00edvel aos utilizadores do iPhone desfrutarem da nova vers\u00e3o do ChatGPT nos seus dispositivos m\u00f3veis.<\/p>\n<p>O novo modelo de Intelig\u00eancia Artificial da OpenAI &#8211; o GPT-5 &#8211; foi anunciado na semana passada e a Apple foi r\u00e1pida a confirmar que os utilizadores do iPhone n\u00e3o ter\u00e3o de esperar muito para o ter integrado no Apple Intelligence. A Apple confirmou ao site 9to5mac que o GPT-5 estar\u00e1 integrado nas pr\u00f3ximas grandes atualiza\u00e7\u00f5es dos seus sistemas operativos &#8211; como o o iOS 26 para iPhone, o iPadOS 26 para iPad e o macOS Tahoe 26 para computadores Mac.<\/p>\n<p>Serve recordar que estas pr\u00f3ximas atualiza\u00e7\u00f5es da Apple ser\u00e3o lan\u00e7adas mais perto do final do ver\u00e3o, na mesma altura em que ter\u00e1 lugar o evento anual da Apple dedicada \u00e0 apresenta\u00e7\u00e3o de novos produtos.<\/p>\n<p>Leia Tamb\u00e9m: <a href=\"https:\/\/www.noticiasaominuto.com\/tech\/2832478\/iphone-17-air-podera-ter-uma-das-baterias-mais-pequenas-dos-ultimos-anos\" target=\"_blank\" rel=\"noopener noreferrer nofollow\">iPhone 17 Air poder\u00e1 ter uma das baterias mais pequenas dos \u00faltimos anos<\/a><\/p>\n","protected":false},"excerpt":{"rendered":"A Apple planeia lan\u00e7ar oficialmente a nova gera\u00e7\u00e3o da assistente digital Siri na primavera de 2026. A informa\u00e7\u00e3o&hellip;\n","protected":false},"author":2,"featured_media":24533,"comment_status":"","ping_status":"","sticky":false,"template":"","format":"standard","meta":{"footnotes":""},"categories":[84],"tags":[109,107,108,32,33,105,103,104,106,110],"class_list":{"0":"post-24532","1":"post","2":"type-post","3":"status-publish","4":"format-standard","5":"has-post-thumbnail","7":"category-ciencia-e-tecnologia","8":"tag-ciencia","9":"tag-ciencia-e-tecnologia","10":"tag-cienciaetecnologia","11":"tag-portugal","12":"tag-pt","13":"tag-science","14":"tag-science-and-technology","15":"tag-scienceandtechnology","16":"tag-technology","17":"tag-tecnologia"},"share_on_mastodon":{"url":"","error":""},"_links":{"self":[{"href":"https:\/\/www.europesays.com\/pt\/wp-json\/wp\/v2\/posts\/24532","targetHints":{"allow":["GET"]}}],"collection":[{"href":"https:\/\/www.europesays.com\/pt\/wp-json\/wp\/v2\/posts"}],"about":[{"href":"https:\/\/www.europesays.com\/pt\/wp-json\/wp\/v2\/types\/post"}],"author":[{"embeddable":true,"href":"https:\/\/www.europesays.com\/pt\/wp-json\/wp\/v2\/users\/2"}],"replies":[{"embeddable":true,"href":"https:\/\/www.europesays.com\/pt\/wp-json\/wp\/v2\/comments?post=24532"}],"version-history":[{"count":0,"href":"https:\/\/www.europesays.com\/pt\/wp-json\/wp\/v2\/posts\/24532\/revisions"}],"wp:featuredmedia":[{"embeddable":true,"href":"https:\/\/www.europesays.com\/pt\/wp-json\/wp\/v2\/media\/24533"}],"wp:attachment":[{"href":"https:\/\/www.europesays.com\/pt\/wp-json\/wp\/v2\/media?parent=24532"}],"wp:term":[{"taxonomy":"category","embeddable":true,"href":"https:\/\/www.europesays.com\/pt\/wp-json\/wp\/v2\/categories?post=24532"},{"taxonomy":"post_tag","embeddable":true,"href":"https:\/\/www.europesays.com\/pt\/wp-json\/wp\/v2\/tags?post=24532"}],"curies":[{"name":"wp","href":"https:\/\/api.w.org\/{rel}","templated":true}]}}