{"id":245398,"date":"2026-01-26T19:24:06","date_gmt":"2026-01-26T19:24:06","guid":{"rendered":"https:\/\/www.europesays.com\/pt\/245398\/"},"modified":"2026-01-26T19:24:06","modified_gmt":"2026-01-26T19:24:06","slug":"celebridades-de-hollywood-denunciam-acoes-do-governo-trump-e-do-ice","status":"publish","type":"post","link":"https:\/\/www.europesays.com\/pt\/245398\/","title":{"rendered":"Celebridades de Hollywood denunciam a\u00e7\u00f5es do governo Trump e do ICE"},"content":{"rendered":"<p><b>247 &#8211; <\/b>A atua\u00e7\u00e3o da ag\u00eancia federal de imigra\u00e7\u00e3o dos Estados Unidos (ICE) e a pol\u00edtica migrat\u00f3ria adotada pelo governo de Donald Trump, presidente dos Estados Unidos, provocaram uma onda de manifesta\u00e7\u00f5es cr\u00edticas por parte de celebridades de Hollywood. Durante o Festival de Cinema de Sundance, atores, diretores e m\u00fasicos usaram o espa\u00e7o para condenar a viol\u00eancia contra imigrantes e manifestantes, em meio a protestos que ganharam for\u00e7a ap\u00f3s mortes atribu\u00eddas a a\u00e7\u00f5es da ag\u00eancia em Minnesota. A mobiliza\u00e7\u00e3o ganhou repercuss\u00e3o internacional e envolveu nomes de peso da ind\u00fastria cultural. <\/p>\n<p>Artistas desfilaram pelo evento usando broches com a inscri\u00e7\u00e3o \u201cICE out\u201d (\u201cFora ICE\u201d) e concederam entrevistas nas quais expressaram indigna\u00e7\u00e3o com o cen\u00e1rio pol\u00edtico atual. As cr\u00edticas se intensificaram ap\u00f3s a morte de dois cidad\u00e3os americanos em opera\u00e7\u00f5es relacionadas \u00e0 ag\u00eancia anti-imigra\u00e7\u00e3o, epis\u00f3dios que desencadearam grandes manifesta\u00e7\u00f5es em Minneapolis, capital de Minnesota.<\/p>\n<p>Um dos discursos mais contundentes partiu do ator Edward Norton, integrante do elenco do filme The invite, dirigido por Olivia Wilde e exibido em Sundance. Ao comentar o fortalecimento da ICE durante o governo Trump, Norton fez uma compara\u00e7\u00e3o extrema: \u201cHoje em dia \u00e9 assim: \u2018O que vamos fazer em rela\u00e7\u00e3o a uma Gestapo atirando em massa contra cidad\u00e3os americanos?\u2019 Estamos sentados aqui falando de filmes enquanto um ex\u00e9rcito ilegal est\u00e1 sendo montado contra cidad\u00e3os dos EUA&#8221;.<\/p>\n<p>Tamb\u00e9m presente no festival, Natalie Portman, produtora e atriz de The gallerist, adotou um tom igualmente duro ao avaliar a situa\u00e7\u00e3o nos Estados Unidos. \u201cO que est\u00e1 acontecendo neste pa\u00eds agora \u00e9 absolutamente horr\u00edvel. O que o governo federal, o governo Trump, Kristi Noem, o ICE, o que eles est\u00e3o fazendo \u00e9 realmente o pior do pior da humanidade\u201d, afirmou. Em seguida, destacou a solidariedade de parte da sociedade: \u201cAo mesmo tempo, temos o melhor da humanidade na forma como as pessoas est\u00e3o aparecendo umas pelas outras&#8221;.<\/p>\n<p>A diretora Olivia Wilde, respons\u00e1vel por The invite, falou no tapete vermelho sobre o contraste entre a celebra\u00e7\u00e3o do cinema e a realidade pol\u00edtica do pa\u00eds. \u201cEstamos todos aqui podendo celebrar algo realmente bonito e cheio de esperan\u00e7a na narrativa cinematogr\u00e1fica. Mas o mundo est\u00e1 sofrendo agora, e este pa\u00eds est\u00e1 sofrendo. E isso \u00e9 revoltante\u201d, declarou.<\/p>\n<p>Outra voz a se manifestar foi a atriz Zoey Deutch, do filme Nouvelle vague, que comentou o sentimento amb\u00edguo em rela\u00e7\u00e3o \u00e0 pr\u00f3pria nacionalidade diante das a\u00e7\u00f5es do governo. \u201cSinto muito orgulho de ser americano, vendo como as comunidades e as pessoas est\u00e3o se unindo neste momento. Mas, ao mesmo tempo, sinto muita vergonha de ser americano, vendo como nosso governo est\u00e1 lidando com as coisas. S\u00f3 quero estar ao lado do incr\u00edvel povo de Minnesota&#8221;.<\/p>\n<p>Fora do circuito de Sundance, a cantora Billie Eilish tamb\u00e9m se posicionou de forma cr\u00edtica. Em discurso ao receber um pr\u00eamio por sua atua\u00e7\u00e3o em defesa do meio ambiente, dias antes da morte de Alex Pretti durante um protesto em Minneapolis, a artista relacionou a pauta ambiental ao contexto pol\u00edtico mais amplo. \u201cEstamos vendo nossos vizinhos sendo sequestrados, manifestantes pac\u00edficos sendo agredidos e mortos, nossos direitos civis sendo retirados\u201d, afirmou, ao citar ainda cortes em pol\u00edticas ambientais e sociais. \u201cEst\u00e1 muito claro que proteger o nosso planeta e as nossas comunidades n\u00e3o \u00e9 uma prioridade para esta administra\u00e7\u00e3o&#8221;.<\/p>\n<p>As manifesta\u00e7\u00f5es continuaram nas redes sociais. Glenn Close publicou um v\u00eddeo no qual expressou revolta com o momento vivido pelo pa\u00eds. \u201cTenho assistido \u00e0 nossa democracia sendo sistematicamente desmantelada e destru\u00edda\u201d, disse a atriz, antes de concluir: \u201cEstou indignada e enojada com o que est\u00e1 acontecendo sob o regime de Trump. A crueldade, a desumanidade e a arrog\u00e2ncia (\u2026) e, agora, o assassinato a sangue frio de cidad\u00e3os americanos&#8221;.<\/p>\n<p>As declara\u00e7\u00f5es evidenciam um movimento crescente de oposi\u00e7\u00e3o p\u00fablica de artistas ao governo de Donald Trump, presidente dos Estados Unidos, especialmente em rela\u00e7\u00e3o \u00e0s pol\u00edticas migrat\u00f3rias e ao uso da for\u00e7a por \u00f3rg\u00e3os federais, tema que segue no centro do debate pol\u00edtico e social no pa\u00eds.<\/p>\n","protected":false},"excerpt":{"rendered":"247 &#8211; A atua\u00e7\u00e3o da ag\u00eancia federal de imigra\u00e7\u00e3o dos Estados Unidos (ICE) e a pol\u00edtica migrat\u00f3ria adotada&hellip;\n","protected":false},"author":2,"featured_media":245399,"comment_status":"","ping_status":"","sticky":false,"template":"","format":"standard","meta":{"footnotes":""},"categories":[145],"tags":[46226,45165,46228,46230,211,210,114,115,32,33,46227,45166,46229,46231],"class_list":{"0":"post-245398","1":"post","2":"type-post","3":"status-publish","4":"format-standard","5":"has-post-thumbnail","7":"category-celebridades","8":"tag-swp_keywordnamedonald-trump","9":"tag-swp_keywordnameestados-unidos","10":"tag-swp_keywordnameice","11":"tag-swp_keywordnameimigracao","12":"tag-celebridades","13":"tag-celebrities","14":"tag-entertainment","15":"tag-entretenimento","16":"tag-portugal","17":"tag-pt","18":"tag-slugdonald-trump","19":"tag-slugestados-unidos","20":"tag-slugice","21":"tag-slugimigracao"},"share_on_mastodon":{"url":"https:\/\/pubeurope.com\/@pt\/115963039768504276","error":""},"_links":{"self":[{"href":"https:\/\/www.europesays.com\/pt\/wp-json\/wp\/v2\/posts\/245398","targetHints":{"allow":["GET"]}}],"collection":[{"href":"https:\/\/www.europesays.com\/pt\/wp-json\/wp\/v2\/posts"}],"about":[{"href":"https:\/\/www.europesays.com\/pt\/wp-json\/wp\/v2\/types\/post"}],"author":[{"embeddable":true,"href":"https:\/\/www.europesays.com\/pt\/wp-json\/wp\/v2\/users\/2"}],"replies":[{"embeddable":true,"href":"https:\/\/www.europesays.com\/pt\/wp-json\/wp\/v2\/comments?post=245398"}],"version-history":[{"count":0,"href":"https:\/\/www.europesays.com\/pt\/wp-json\/wp\/v2\/posts\/245398\/revisions"}],"wp:featuredmedia":[{"embeddable":true,"href":"https:\/\/www.europesays.com\/pt\/wp-json\/wp\/v2\/media\/245399"}],"wp:attachment":[{"href":"https:\/\/www.europesays.com\/pt\/wp-json\/wp\/v2\/media?parent=245398"}],"wp:term":[{"taxonomy":"category","embeddable":true,"href":"https:\/\/www.europesays.com\/pt\/wp-json\/wp\/v2\/categories?post=245398"},{"taxonomy":"post_tag","embeddable":true,"href":"https:\/\/www.europesays.com\/pt\/wp-json\/wp\/v2\/tags?post=245398"}],"curies":[{"name":"wp","href":"https:\/\/api.w.org\/{rel}","templated":true}]}}